{"id":43452,"date":"2021-03-30T10:17:49","date_gmt":"2021-03-30T13:17:49","guid":{"rendered":"https:\/\/blog.estrategiamilitares.com.br\/?p=43452"},"modified":"2022-06-09T14:41:08","modified_gmt":"2022-06-09T17:41:08","slug":"exercito-brasileiro","status":"publish","type":"post","link":"https:\/\/militares.estrategia.com\/portal\/mundo-militar\/forcas-armadas\/exercito-brasileiro\/","title":{"rendered":"Ex\u00e9rcito Brasileiro: como ingressar, patentes e mais!"},"content":{"rendered":"\n<p>Voc\u00ea quer saber tudo sobre o <strong>Ex\u00e9rcito Brasileiro<\/strong>? Neste artigo, o Estrat\u00e9gia Militares trouxe todas as informa\u00e7\u00f5es sobre a <strong>For\u00e7a Terrestre do Brasil<\/strong>, al\u00e9m de compartilhar com voc\u00ea quais as maneiras de ingressar nessa carreira. Acompanhe e descubra!<\/p>\n\n\n\n<div id=\"ez-toc-container\" class=\"ez-toc-v2_0_79_2 counter-hierarchy ez-toc-counter ez-toc-transparent ez-toc-container-direction\">\n<div class=\"ez-toc-title-container\"><p class=\"ez-toc-title\" style=\"cursor:inherit\">Navegue pelo conte\u00fado\t<\/p>\n<\/div><nav><ul class='ez-toc-list ez-toc-list-level-1 ' ><li class='ez-toc-page-1 ez-toc-heading-level-2'><a class=\"ez-toc-link ez-toc-heading-1\" href=\"https:\/\/militares.estrategia.com\/portal\/mundo-militar\/forcas-armadas\/exercito-brasileiro\/#O-que-e-o-Exercito-Brasileiro\" >O que \u00e9 o Ex\u00e9rcito Brasileiro?<\/a><\/li><li class='ez-toc-page-1 ez-toc-heading-level-2'><a class=\"ez-toc-link ez-toc-heading-2\" href=\"https:\/\/militares.estrategia.com\/portal\/mundo-militar\/forcas-armadas\/exercito-brasileiro\/#Como-ingressar-no-Exercito-Brasileiro\" >Como ingressar no Ex\u00e9rcito Brasileiro?<\/a><\/li><li class='ez-toc-page-1 ez-toc-heading-level-2'><a class=\"ez-toc-link ez-toc-heading-3\" href=\"https:\/\/militares.estrategia.com\/portal\/mundo-militar\/forcas-armadas\/exercito-brasileiro\/#Como-funciona-o-Exercito-Brasileiro\" >Como funciona o Ex\u00e9rcito Brasileiro?<\/a><\/li><li class='ez-toc-page-1 ez-toc-heading-level-2'><a class=\"ez-toc-link ez-toc-heading-4\" href=\"https:\/\/militares.estrategia.com\/portal\/mundo-militar\/forcas-armadas\/exercito-brasileiro\/#Quais-as-patentes-do-Exercito\" >Quais as patentes do Ex\u00e9rcito?<\/a><\/li><li class='ez-toc-page-1 ez-toc-heading-level-2'><a class=\"ez-toc-link ez-toc-heading-5\" href=\"https:\/\/militares.estrategia.com\/portal\/mundo-militar\/forcas-armadas\/exercito-brasileiro\/#Organizacoes\" >Organiza\u00e7\u00f5es<\/a><\/li><\/ul><\/nav><\/div>\n<h2 class=\"wp-block-heading\" id=\"h-o-que-e-o-exercito-brasileiro\"><span class=\"ez-toc-section\" id=\"O-que-e-o-Exercito-Brasileiro\"><\/span><strong>O que \u00e9 o Ex\u00e9rcito Brasileiro?<\/strong><span class=\"ez-toc-section-end\"><\/span><\/h2>\n\n\n\n<p>O Ex\u00e9rcito Brasileiro juntamente com a Marinha&nbsp;e a&nbsp;For\u00e7a A\u00e9rea Brasileira comp\u00f5em as <a href=\"https:\/\/militares.estrategia.com\/portal\/carreiras-militares\/forcas-armadas\/\" target=\"_blank\" ><strong>For\u00e7as Armadas&nbsp;do&nbsp;Brasil<\/strong><\/a>. \u00c9 uma institui\u00e7\u00e3o enquadrada no&nbsp;Minist\u00e9rio da Defesa.&nbsp;<\/p>\n\n\n\n<p><strong>O Dia do Ex\u00e9rcito \u00e9 celebrado em 19 de abril<\/strong> porque faz alus\u00e3o a data que marca a Batalha dos Guararapes, em 1648, ocasi\u00e3o em que o branco, o negro e o \u00edndio se uniram para expulsar os invasores holandeses, demonstra\u00e7\u00e3o inequ\u00edvoca da for\u00e7a combativa de prote\u00e7\u00e3o do territ\u00f3rio e da na\u00e7\u00e3o brasileira.&nbsp;<\/p>\n\n\n\n<p>O Ex\u00e9rcito Brasileiro tem grande proje\u00e7\u00e3o. Possui o <strong>segundo maior efetivo no \u00e2mbito da Am\u00e9rica Latina<\/strong>, com mais de 200.000 integrantes na ativa, e uma reserva mobiliz\u00e1vel de aproximadamente 280.000.&nbsp;<\/p>\n\n\n\n<p>Al\u00e9m disso, o Ex\u00e9rcito de Caxias \u00e9 dotado com a <strong>maior quantidade de ve\u00edculos blindados da&nbsp;Am\u00e9rica do Sul<\/strong>, somados os ve\u00edculos blindados para transporte de tropas e&nbsp;carros de combate&nbsp;principais.<\/p>\n\n\n\n<h3 class=\"wp-block-heading\" id=\"h-qual-e-a-funcao\"><strong>Qual \u00e9 a fun\u00e7\u00e3o?<\/strong><\/h3>\n\n\n\n<p>O Ex\u00e9rcito Brasileiro, bem como a <a href=\"https:\/\/militares.estrategia.com\/portal\/guias\/marinha\/marinha-do-brasil\/\" target=\"_blank\" >Marinha <\/a>e a <a href=\"https:\/\/militares.estrategia.com\/portal\/guias\/aeronautica\/forca-aerea\/\" target=\"_blank\" >For\u00e7a A\u00e9rea Brasileira<\/a>, possuem a miss\u00e3o estabelecida no Art. 142 da Constitui\u00e7\u00e3o: \u201c\u2026 <strong>destinam-se \u00e0 defesa da P\u00e1tria, \u00e0 garantia dos poderes constitucionais e, por iniciativa de qualquer destes, da lei e da ordem<\/strong>\u201d.<\/p>\n\n\n\n<p>Al\u00e9m da miss\u00e3o constitucional de defesa da P\u00e1tria, o Ex\u00e9rcito <strong>atua diretamente em a\u00e7\u00f5e<\/strong><strong>s subsidi\u00e1rias e complementare<\/strong><strong>s<\/strong>, cooperando com o desenvolvimento nacional e o bem-estar social, tais como:&nbsp;<\/p>\n\n\n\n<ul class=\"wp-block-list\"><li>Fiscaliza\u00e7\u00e3o da produ\u00e7\u00e3o e do com\u00e9rcio de produtos controlados;&nbsp;<\/li><li>Atua\u00e7\u00e3o direta em calamidades p\u00fablicas, emerg\u00eancias sociais e campanhas de sa\u00fade p\u00fablica;&nbsp;<\/li><li>Execu\u00e7\u00e3o de obras de engenharia em diversas regi\u00f5es do Pa\u00eds;&nbsp;<\/li><li>Distribui\u00e7\u00e3o de \u00e1gua na regi\u00e3o Nordeste;&nbsp;<\/li><li>Realiza\u00e7\u00e3o das A\u00e7\u00f5es C\u00edvico sociais; e<\/li><li>Apoio de sa\u00fade aos ind\u00edgenas e \u00e0s comunidades ribeirinhas da regi\u00e3o Amaz\u00f4nica;&nbsp;&nbsp;<\/li><\/ul>\n\n\n\n<h2 class=\"wp-block-heading\" id=\"h-como-ingressar-no-exercito-brasileiro\"><span class=\"ez-toc-section\" id=\"Como-ingressar-no-Exercito-Brasileiro\"><\/span><strong>Como ingressar no Ex\u00e9rcito Brasileiro?<\/strong><span class=\"ez-toc-section-end\"><\/span><\/h2>\n\n\n\n<p>Atualmente, podemos afirmar que o ingresso no Ex\u00e9rcito Brasileiro pode ocorrer por tr\u00eas principais meios, s\u00e3o eles:&nbsp;<\/p>\n\n\n\n<ol class=\"wp-block-list\"><li><strong>Concurso p\u00fablico<\/strong> para candidatos que pretendem ser oficiais ou sargentos de carreira;&nbsp;&nbsp;<\/li><li><strong>Processo seletivo<\/strong> \u00e0queles que desejam o servi\u00e7o militar tempor\u00e1rio como oficiais, sargentos ou cabos; e&nbsp;<\/li><li><a href=\"https:\/\/militares.estrategia.com\/portal\/carreiras-militares\/alistamento-militar\/\" target=\"_blank\" ><strong>Alistamento<\/strong> para o servi\u00e7o militar obrigat\u00f3rio.<\/a><\/li><\/ol>\n\n\n\n<p>As diversas op\u00e7\u00f5es de ingresso possuem pr\u00e9-requisitos quanto \u00e0 escolaridade, idade e sexo.<\/p>\n\n\n\n<p>Abaixo segue uma lista dos <strong>concursos para militar de carreira<\/strong>.&nbsp;<\/p>\n\n\n\n<p>Vale ressaltar que os concursos aqui citados servem para ambos os sexos. Confira!<\/p>\n\n\n\n<figure class=\"wp-block-table is-style-stripes\"><table class=\"has-fixed-layout\"><thead><tr><th class=\"has-text-align-center\" data-align=\"center\"><strong>Concursos<\/strong><\/th><th class=\"has-text-align-center\" data-align=\"center\"><strong>Idade no ano da prova<\/strong><\/th><th class=\"has-text-align-center\" data-align=\"center\"><strong>Escolaridade na matr\u00edcula<\/strong><\/th><\/tr><\/thead><tbody><tr><td class=\"has-text-align-center\" data-align=\"center\"><a href=\"https:\/\/militares.estrategia.com\/portal\/guias\/exercito\/concurso-espcex\/\">EsPCEx<\/a><\/td><td class=\"has-text-align-center\" data-align=\"center\">M\u00ednima: 16 anos.M\u00e1xima: 21 anos.<\/td><td class=\"has-text-align-center\" data-align=\"center\">E.M. completo.<\/td><\/tr><tr><td class=\"has-text-align-center\" data-align=\"center\"><a href=\"https:\/\/militares.estrategia.com\/portal\/noticias\/esa-ultimas-noticias\/\">ESA<\/a><\/td><td class=\"has-text-align-center\" data-align=\"center\">M\u00ednima: 16 anos.M\u00e1xima: 23 anos.<\/td><td class=\"has-text-align-center\" data-align=\"center\">E.M. completo.<\/td><\/tr><tr><td class=\"has-text-align-center\" data-align=\"center\"><a href=\"https:\/\/militares.estrategia.com\/portal\/guias\/exercito\/esslog\/\">EsSLog<\/a>&nbsp;(m\u00fasico e sa\u00fade)<\/td><td class=\"has-text-align-center\" data-align=\"center\">M\u00ednima: 16 anos.M\u00e1xima: 23 anos.&nbsp;<\/td><td class=\"has-text-align-center\" data-align=\"center\">Al\u00e9m do E.M completo, ter o curso t\u00e9cnico ou ser m\u00fasico.<\/td><\/tr><tr><td class=\"has-text-align-center\" data-align=\"center\">EsFCEx<\/td><td class=\"has-text-align-center\" data-align=\"center\">M\u00e1xima: 31 anos.&nbsp;<\/td><td class=\"has-text-align-center\" data-align=\"center\">Curso superior em alguma das \u00e1reas divulgadas pelo edital.<\/td><\/tr><tr><td class=\"has-text-align-center\" data-align=\"center\"><a href=\"https:\/\/blog.estrategiavestibulares.com.br\/vestibulares\/vestibular-ime\/\">IME<\/a><\/td><td class=\"has-text-align-center\" data-align=\"center\">M\u00ednima: 16 anos.M\u00e1xima: 21 anos.<\/td><td class=\"has-text-align-center\" data-align=\"center\">E.M. completo.<\/td><\/tr><tr><td class=\"has-text-align-center\" data-align=\"center\"><a href=\"https:\/\/militares.estrategia.com\/portal\/carreiras-militares\/concurso-essex\/\">EsSEx<\/a><\/td><td class=\"has-text-align-center\" data-align=\"center\">M\u00e1xima: 31 anos e 33 anos para m\u00e9dico especializado.<\/td><td class=\"has-text-align-center\" data-align=\"center\">Curso superior na \u00e1rea de Medicina, Odontologia ou Farm\u00e1cia.<\/td><\/tr><\/tbody><\/table><\/figure>\n\n\n\n<p>Quanto ao <strong>processo seletivo para <\/strong><a href=\"https:\/\/militares.estrategia.com\/portal\/carreiras-militares\/militar-temporario\/\" target=\"_blank\" ><strong>militar tempor\u00e1rio<\/strong><\/a>:<\/p>\n\n\n\n<p>Para ingressar como militar tempor\u00e1rio \u00e9 necess\u00e1ria a participa\u00e7\u00e3o em processo seletivo conduzido pelas Regi\u00f5es Militares do Ex\u00e9rcito. Ao todo s\u00e3o doze regi\u00f5es situadas nas principais capitais do pa\u00eds, as quais abrangem todo o territ\u00f3rio nacional. Entre no site da institui\u00e7\u00e3o que lhe interessa e saiba mais.<\/p>\n\n\n\n<h2 class=\"wp-block-heading\" id=\"h-como-funciona-o-exercito-brasileiro\"><span class=\"ez-toc-section\" id=\"Como-funciona-o-Exercito-Brasileiro\"><\/span><strong>Como funciona o Ex\u00e9rcito Brasileiro?<\/strong><span class=\"ez-toc-section-end\"><\/span><\/h2>\n\n\n\n<p>A vida administrativa na caserna \u00e9 muito semelhante \u00e0 rotina e \u00e0 estrutura de uma empresa privada. Ambas s\u00e3o estruturadas por escal\u00f5es nivelados hierarquicamente, que coordenam e supervisionam seus subordinados.&nbsp;<\/p>\n\n\n\n<p>Contudo, <strong>o Ex\u00e9rcito Brasileiro desenvolve uma intensa programa\u00e7\u00e3o de atividades f\u00edsicas e um quadro de instru\u00e7\u00e3o voltado aos valores c\u00edvicos e morais, com \u00eanfase nos <\/strong><strong>Deveres, Valores e \u00c9tica militar<\/strong>, os quais s\u00e3o baseados em:<\/p>\n\n\n\n<ul class=\"wp-block-list\"><li>Patriotismo;<\/li><li>Dever;<\/li><li>Lealdade;<\/li><li>Probidade; e&nbsp;<\/li><li>Coragem.<\/li><\/ul>\n\n\n\n<p>A rotina que o Ex\u00e9rcito desenvolve \u00e9 baseada em programas padr\u00e3o de administra\u00e7\u00e3o e de instru\u00e7\u00e3o militar utilizados por todas as organiza\u00e7\u00f5es militares.<\/p>\n\n\n\n<p>O ano de instru\u00e7\u00e3o \u00e9 dividido em <strong>tr\u00eas per\u00edodos<\/strong>: forma\u00e7\u00e3o b\u00e1sica, qualifica\u00e7\u00e3o e adestramento. Dessa forma, apesar de existirem muitas diferen\u00e7as nas fun\u00e7\u00f5es, miss\u00f5es e especializa\u00e7\u00f5es dentre as organiza\u00e7\u00f5es militares, <strong>a rotina dos quart\u00e9is \u00e9 basicamente a mesma<\/strong>.<\/p>\n\n\n\n<p>A disciplina e a hierarquia norteiam o dia a dia do Ex\u00e9rcito. H\u00e1, tamb\u00e9m, um estreito acompanhamento no desempenho profissional de seus integrantes por interm\u00e9dio de avalia\u00e7\u00f5es peri\u00f3dicas, principalmente no que se refere ao trabalho desempenhado pelos oficiais e <a href=\"https:\/\/militares.estrategia.com\/portal\/carreiras-militares\/sargento-o-que-e\/\" target=\"_blank\" >sargentos<\/a>.&nbsp;&nbsp;<\/p>\n\n\n\n<h2 class=\"wp-block-heading\" id=\"h-quais-as-patentes-do-exercito\"><span class=\"ez-toc-section\" id=\"Quais-as-patentes-do-Exercito\"><\/span><strong>Quais as patentes do Ex\u00e9rcito?<\/strong><span class=\"ez-toc-section-end\"><\/span><\/h2>\n\n\n\n<p>Assim como nas demais institui\u00e7\u00f5es militares, o Ex\u00e9rcito possui os quadros de pra\u00e7as e oficiais. Confira!<\/p>\n\n\n\n<figure class=\"wp-block-table\"><table class=\"has-fixed-layout\"><thead><tr><th class=\"has-text-align-center\" data-align=\"center\"><strong>Pra\u00e7as (ordem crescente)<\/strong><\/th><th class=\"has-text-align-center\" data-align=\"center\"><strong>Oficiais (ordem crescente)<\/strong><\/th><\/tr><\/thead><tbody><tr><td class=\"has-text-align-center\" data-align=\"center\">Soldado<\/td><td class=\"has-text-align-center\" data-align=\"center\">Tenente<\/td><\/tr><tr><td class=\"has-text-align-center\" data-align=\"center\">Cabo<\/td><td class=\"has-text-align-center\" data-align=\"center\">Capit\u00e3o<\/td><\/tr><tr><td class=\"has-text-align-center\" data-align=\"center\">3\u00ba Sargento&nbsp;<\/td><td class=\"has-text-align-center\" data-align=\"center\">Major<\/td><\/tr><tr><td class=\"has-text-align-center\" data-align=\"center\">2\u00ba Sargento<\/td><td class=\"has-text-align-center\" data-align=\"center\">Tenente-Coronel<\/td><\/tr><tr><td class=\"has-text-align-center\" data-align=\"center\">1\u00ba Sargento<\/td><td class=\"has-text-align-center\" data-align=\"center\"><a href=\"https:\/\/militares.estrategia.com\/portal\/carreiras-militares\/coronel\/\" target=\"_blank\" >Coronel<\/a><\/td><\/tr><tr><td class=\"has-text-align-center\" data-align=\"center\">Subtenente<\/td><td class=\"has-text-align-center\" data-align=\"center\">General<\/td><\/tr><\/tbody><\/table><\/figure>\n\n\n\n<h2 class=\"wp-block-heading\" id=\"h-organizacoes\"><span class=\"ez-toc-section\" id=\"Organizacoes\"><\/span><strong>Organiza\u00e7\u00f5es<\/strong><span class=\"ez-toc-section-end\"><\/span><\/h2>\n\n\n\n<p>O Ex\u00e9rcito conta com <strong>centenas de unidades militares em todo o territ\u00f3rio nacional<\/strong>. O Alto Comando da For\u00e7a e os principais \u00f3rg\u00e3os diretivos e setoriais est\u00e3o localizados em Bras\u00edlia-DF. Enquanto, os comandos de \u00e1rea est\u00e3o instalados pr\u00f3ximos \u00e0s regi\u00f5es militares e aos demais escal\u00f5es enquadrados.<\/p>\n\n\n\n<p>Na estrutura organizacional, o Ex\u00e9rcito conta com <a href=\"https:\/\/militares.estrategia.com\/portal\/carreiras-militares\/batalhao-militar\/\" target=\"_blank\" >Batalh\u00f5es<\/a> de <a href=\"https:\/\/militares.estrategia.com\/portal\/carreiras-militares\/infantaria\/\" target=\"_blank\" >Infantaria<\/a>, Regimentos de Cavalaria, Grupos de Engenharia, Batalh\u00f5es Log\u00edsticos, Grupos de Artilharia, Batalh\u00f5es de Comunica\u00e7\u00f5es e diversos Centros de treinamento e Instru\u00e7\u00e3o.<\/p>\n\n\n\n<p>Al\u00e9m das organiza\u00e7\u00f5es mencionadas, destacam-se as unidades de elite que se mant\u00e9m em prontid\u00e3o para o emprego, s\u00e3o elas: For\u00e7a de A\u00e7\u00e3o R\u00e1pida<strong> <\/strong>Estrat\u00e9gica, Brigada de Infantaria <a href=\"https:\/\/militares.estrategia.com\/portal\/carreiras-militares\/curso-precursor-paraquedista\/\" target=\"_blank\" >Paraquedista<\/a>, Brigada de Opera\u00e7\u00f5es Especiais, Brigada de Infantaria Leve (Aerom\u00f3vel), Batalh\u00e3o de Infantaria de Selva, dentre outros.<\/p>\n\n\n\n<p>O Ex\u00e9rcito brasileiro se notabiliza tamb\u00e9m por ser a <strong>\u00fanica for\u00e7a militar da Am\u00e9rica Latina<\/strong> a possuir uma tropa especializada em miss\u00f5es n\u00e3o convencionais (Comando de Opera\u00e7\u00f5es Especiais). Al\u00e9m disso, ele possui unidades que atuam em biomas&nbsp;caracter\u00edsticos do Brasil, como:&nbsp;pantanal,&nbsp;caatinga,&nbsp;montanha&nbsp;e selva.<\/p>\n\n\n\n<p class=\"has-text-align-right\"><strong>Ex\u00e9rcito Brasileiro: Bra\u00e7o forte, m\u00e3o amiga!<\/strong><\/p>\n\n\n\n<p>Agora que voc\u00ea j\u00e1 sabe tudo sobre o <strong>Ex\u00e9rcito Brasileiro<\/strong>, continue acompanhando o Estrat\u00e9gia Militares para ficar por dentro de tudo o que h\u00e1 de melhor no mundo militar. N\u00e3o perca tempo, clique no banner e conhe\u00e7a os nossos cursos preparat\u00f3rios!<\/p>\n\n\n\n<p><\/p>\n\n\n\n<p><strong><a id=\"cta\" class=\"cta-imagem\" href=\"https:\/\/militares.estrategia.com\/curso\/banco-de-questes-anual\/\" target=\"blank\">\n                <img decoding=\"async\" width=\"100%\" src=\"https:\/\/militares.estrategia.com\/portal\/wp-content\/uploads\/2023\/02\/EM-Banco-de-Questoes.jpg\" alt=\"EM - Banco de Questo\u0303es\" title=\"EM - Banco de Questo\u0303es\">\n        <\/a><\/strong><\/p>\n\n\n\n\n\n<p><em><strong>Texto: Jared Pereira<\/strong><\/em><\/p>\n","protected":false},"excerpt":{"rendered":"Voc\u00ea quer saber tudo sobre o Ex\u00e9rcito Brasileiro? Neste artigo, o Estrat\u00e9gia Militares trouxe todas as informa\u00e7\u00f5es sobre&hellip;\n","protected":false},"author":11,"featured_media":53674,"comment_status":"open","ping_status":"open","sticky":false,"template":"","format":"standard","meta":{"wl_entities_gutenberg":"","footnotes":""},"categories":[248],"tags":[],"wl_entity_type":[187],"class_list":{"0":"post-43452","1":"post","2":"type-post","3":"status-publish","4":"format-standard","5":"has-post-thumbnail","7":"category-forcas-armadas","8":"wl_entity_type-article"},"acf":[],"yoast_head":"<!-- This site is optimized with the Yoast SEO Premium plugin v26.6 (Yoast SEO v26.6) - https:\/\/yoast.com\/wordpress\/plugins\/seo\/ -->\n<title>Ex\u00e9rcito Brasileiro: como ingressar, patentes e mais!<\/title>\n<meta name=\"description\" content=\"Voc\u00ea quer saber tudo sobre a For\u00e7a Terrestre do Brasil? Acompanhe este artigo e descubra tudo sobre o Ex\u00e9rcito Brasileiro!\" \/>\n<meta name=\"robots\" content=\"index, follow, max-snippet:-1, max-image-preview:large, max-video-preview:-1\" \/>\n<link rel=\"canonical\" href=\"https:\/\/militares.estrategia.com\/portal\/mundo-militar\/forcas-armadas\/exercito-brasileiro\/\" \/>\n<meta property=\"og:locale\" content=\"pt_BR\" \/>\n<meta property=\"og:type\" content=\"article\" \/>\n<meta property=\"og:title\" content=\"Ex\u00e9rcito Brasileiro: como ingressar, patentes e mais!\" \/>\n<meta property=\"og:description\" content=\"Voc\u00ea quer saber tudo sobre a For\u00e7a Terrestre do Brasil? Acompanhe este artigo e descubra tudo sobre o Ex\u00e9rcito Brasileiro!\" \/>\n<meta property=\"og:url\" content=\"https:\/\/militares.estrategia.com\/portal\/mundo-militar\/forcas-armadas\/exercito-brasileiro\/\" \/>\n<meta property=\"og:site_name\" content=\"Estrat\u00e9gia Militares\" \/>\n<meta property=\"article:publisher\" content=\"https:\/\/www.facebook.com\/EstrategiaMilitares\" \/>\n<meta property=\"article:published_time\" content=\"2021-03-30T13:17:49+00:00\" \/>\n<meta property=\"article:modified_time\" content=\"2022-06-09T17:41:08+00:00\" \/>\n<meta property=\"og:image\" content=\"https:\/\/cdn.blog.estrategiavestibulares.com.br\/vestibulares\/wp-content\/uploads\/2021\/03\/pexels-vinicius-vieira-ft-2560337-1-1_ccexpress.jpeg\" \/>\n\t<meta property=\"og:image:width\" content=\"1080\" \/>\n\t<meta property=\"og:image:height\" content=\"566\" \/>\n\t<meta property=\"og:image:type\" content=\"image\/jpeg\" \/>\n<meta name=\"author\" content=\"Estrat\u00e9gia Militares\" \/>\n<meta name=\"twitter:card\" content=\"summary_large_image\" \/>\n<meta name=\"twitter:creator\" content=\"@estrategiamilit\" \/>\n<meta name=\"twitter:site\" content=\"@estrategiamilit\" \/>\n<meta name=\"twitter:label1\" content=\"Escrito por\" \/>\n\t<meta name=\"twitter:data1\" content=\"Estrat\u00e9gia Militares\" \/>\n\t<meta name=\"twitter:label2\" content=\"Est. tempo de leitura\" \/>\n\t<meta name=\"twitter:data2\" content=\"6 minutos\" \/>\n<script type=\"application\/ld+json\" class=\"yoast-schema-graph\">{\"@context\":\"https:\/\/schema.org\",\"@graph\":[{\"@type\":\"Article\",\"@id\":\"https:\/\/militares.estrategia.com\/portal\/mundo-militar\/forcas-armadas\/exercito-brasileiro\/#article\",\"isPartOf\":{\"@id\":\"https:\/\/militares.estrategia.com\/portal\/mundo-militar\/forcas-armadas\/exercito-brasileiro\/\"},\"author\":{\"name\":\"Estrat\u00e9gia Militares\",\"@id\":\"https:\/\/militares.estrategia.com\/portal\/#\/schema\/person\/896181038f5542906e5db6f7db222d7c\"},\"headline\":\"Ex\u00e9rcito Brasileiro: como ingressar, patentes e mais!\",\"datePublished\":\"2021-03-30T13:17:49+00:00\",\"dateModified\":\"2022-06-09T17:41:08+00:00\",\"mainEntityOfPage\":{\"@id\":\"https:\/\/militares.estrategia.com\/portal\/mundo-militar\/forcas-armadas\/exercito-brasileiro\/\"},\"wordCount\":1188,\"commentCount\":0,\"publisher\":{\"@id\":\"https:\/\/militares.estrategia.com\/portal\/#organization\"},\"image\":{\"@id\":\"https:\/\/militares.estrategia.com\/portal\/mundo-militar\/forcas-armadas\/exercito-brasileiro\/#primaryimage\"},\"thumbnailUrl\":\"https:\/\/militares.estrategia.com\/portal\/wp-content\/uploads\/2021\/03\/pexels-vinicius-vieira-ft-2560337-1-1_ccexpress.jpeg\",\"articleSection\":[\"For\u00e7as Armadas\"],\"inLanguage\":\"pt-BR\",\"potentialAction\":[{\"@type\":\"CommentAction\",\"name\":\"Comment\",\"target\":[\"https:\/\/militares.estrategia.com\/portal\/mundo-militar\/forcas-armadas\/exercito-brasileiro\/#respond\"]}]},{\"@type\":\"WebPage\",\"@id\":\"https:\/\/militares.estrategia.com\/portal\/mundo-militar\/forcas-armadas\/exercito-brasileiro\/\",\"url\":\"https:\/\/militares.estrategia.com\/portal\/mundo-militar\/forcas-armadas\/exercito-brasileiro\/\",\"name\":\"Ex\u00e9rcito Brasileiro: como ingressar, patentes e mais!\",\"isPartOf\":{\"@id\":\"https:\/\/militares.estrategia.com\/portal\/#website\"},\"primaryImageOfPage\":{\"@id\":\"https:\/\/militares.estrategia.com\/portal\/mundo-militar\/forcas-armadas\/exercito-brasileiro\/#primaryimage\"},\"image\":{\"@id\":\"https:\/\/militares.estrategia.com\/portal\/mundo-militar\/forcas-armadas\/exercito-brasileiro\/#primaryimage\"},\"thumbnailUrl\":\"https:\/\/militares.estrategia.com\/portal\/wp-content\/uploads\/2021\/03\/pexels-vinicius-vieira-ft-2560337-1-1_ccexpress.jpeg\",\"datePublished\":\"2021-03-30T13:17:49+00:00\",\"dateModified\":\"2022-06-09T17:41:08+00:00\",\"description\":\"Voc\u00ea quer saber tudo sobre a For\u00e7a Terrestre do Brasil? Acompanhe este artigo e descubra tudo sobre o Ex\u00e9rcito Brasileiro!\",\"breadcrumb\":{\"@id\":\"https:\/\/militares.estrategia.com\/portal\/mundo-militar\/forcas-armadas\/exercito-brasileiro\/#breadcrumb\"},\"inLanguage\":\"pt-BR\",\"potentialAction\":[{\"@type\":\"ReadAction\",\"target\":[\"https:\/\/militares.estrategia.com\/portal\/mundo-militar\/forcas-armadas\/exercito-brasileiro\/\"]}]},{\"@type\":\"ImageObject\",\"inLanguage\":\"pt-BR\",\"@id\":\"https:\/\/militares.estrategia.com\/portal\/mundo-militar\/forcas-armadas\/exercito-brasileiro\/#primaryimage\",\"url\":\"https:\/\/militares.estrategia.com\/portal\/wp-content\/uploads\/2021\/03\/pexels-vinicius-vieira-ft-2560337-1-1_ccexpress.jpeg\",\"contentUrl\":\"https:\/\/militares.estrategia.com\/portal\/wp-content\/uploads\/2021\/03\/pexels-vinicius-vieira-ft-2560337-1-1_ccexpress.jpeg\",\"width\":1080,\"height\":566,\"caption\":\"Ex\u00e9rcito Brasileiro\"},{\"@type\":\"BreadcrumbList\",\"@id\":\"https:\/\/militares.estrategia.com\/portal\/mundo-militar\/forcas-armadas\/exercito-brasileiro\/#breadcrumb\",\"itemListElement\":[{\"@type\":\"ListItem\",\"position\":1,\"name\":\"Home\",\"item\":\"https:\/\/militares.estrategia.com\/portal\/\"},{\"@type\":\"ListItem\",\"position\":2,\"name\":\"Mundo Militar\",\"item\":\"https:\/\/militares.estrategia.com\/portal\/mundo-militar\/\"},{\"@type\":\"ListItem\",\"position\":3,\"name\":\"For\u00e7as Armadas\",\"item\":\"https:\/\/militares.estrategia.com\/portal\/mundo-militar\/forcas-armadas\/\"},{\"@type\":\"ListItem\",\"position\":4,\"name\":\"Ex\u00e9rcito Brasileiro: como ingressar, patentes e mais!\"}]},{\"@type\":\"WebSite\",\"@id\":\"https:\/\/militares.estrategia.com\/portal\/#website\",\"url\":\"https:\/\/militares.estrategia.com\/portal\/\",\"name\":\"Estrat\u00e9gia Militares\",\"description\":\"\",\"publisher\":{\"@id\":\"https:\/\/militares.estrategia.com\/portal\/#organization\"},\"potentialAction\":[{\"@type\":\"SearchAction\",\"target\":{\"@type\":\"EntryPoint\",\"urlTemplate\":\"https:\/\/militares.estrategia.com\/portal\/?s={search_term_string}\"},\"query-input\":{\"@type\":\"PropertyValueSpecification\",\"valueRequired\":true,\"valueName\":\"search_term_string\"}}],\"inLanguage\":\"pt-BR\"},{\"@type\":\"Organization\",\"@id\":\"https:\/\/militares.estrategia.com\/portal\/#organization\",\"name\":\"Estrat\u00e9gia Militares\",\"url\":\"https:\/\/militares.estrategia.com\/portal\/\",\"logo\":{\"@type\":\"ImageObject\",\"inLanguage\":\"pt-BR\",\"@id\":\"https:\/\/militares.estrategia.com\/portal\/#\/schema\/logo\/image\/\",\"url\":\"https:\/\/militares.estrategia.com\/portal\/wp-content\/uploads\/2021\/10\/logo-militares.webp\",\"contentUrl\":\"https:\/\/militares.estrategia.com\/portal\/wp-content\/uploads\/2021\/10\/logo-militares.webp\",\"width\":346,\"height\":90,\"caption\":\"Estrat\u00e9gia Militares\"},\"image\":{\"@id\":\"https:\/\/militares.estrategia.com\/portal\/#\/schema\/logo\/image\/\"},\"sameAs\":[\"https:\/\/www.facebook.com\/EstrategiaMilitares\",\"https:\/\/x.com\/estrategiamilit\",\"https:\/\/www.instagram.com\/estrategiamilitares\/\",\"https:\/\/www.youtube.com\/channel\/UCRG_9hakCqXxnj_8TqCdgTA\"]},{\"@type\":\"Person\",\"@id\":\"https:\/\/militares.estrategia.com\/portal\/#\/schema\/person\/896181038f5542906e5db6f7db222d7c\",\"name\":\"Estrat\u00e9gia Militares\",\"image\":{\"@type\":\"ImageObject\",\"inLanguage\":\"pt-BR\",\"@id\":\"https:\/\/militares.estrategia.com\/portal\/#\/schema\/person\/image\/\",\"url\":\"https:\/\/militares.estrategia.com\/portal\/wp-content\/uploads\/2021\/10\/favicon-militares-150x150.webp\",\"contentUrl\":\"https:\/\/militares.estrategia.com\/portal\/wp-content\/uploads\/2021\/10\/favicon-militares-150x150.webp\",\"caption\":\"Estrat\u00e9gia Militares\"},\"url\":\"https:\/\/militares.estrategia.com\/portal\/author\/estrategia-militares\/\"}]}<\/script>\n<!-- \/ Yoast SEO Premium plugin. -->","yoast_head_json":{"title":"Ex\u00e9rcito Brasileiro: como ingressar, patentes e mais!","description":"Voc\u00ea quer saber tudo sobre a For\u00e7a Terrestre do Brasil? Acompanhe este artigo e descubra tudo sobre o Ex\u00e9rcito Brasileiro!","robots":{"index":"index","follow":"follow","max-snippet":"max-snippet:-1","max-image-preview":"max-image-preview:large","max-video-preview":"max-video-preview:-1"},"canonical":"https:\/\/militares.estrategia.com\/portal\/mundo-militar\/forcas-armadas\/exercito-brasileiro\/","og_locale":"pt_BR","og_type":"article","og_title":"Ex\u00e9rcito Brasileiro: como ingressar, patentes e mais!","og_description":"Voc\u00ea quer saber tudo sobre a For\u00e7a Terrestre do Brasil? Acompanhe este artigo e descubra tudo sobre o Ex\u00e9rcito Brasileiro!","og_url":"https:\/\/militares.estrategia.com\/portal\/mundo-militar\/forcas-armadas\/exercito-brasileiro\/","og_site_name":"Estrat\u00e9gia Militares","article_publisher":"https:\/\/www.facebook.com\/EstrategiaMilitares","article_published_time":"2021-03-30T13:17:49+00:00","article_modified_time":"2022-06-09T17:41:08+00:00","og_image":[{"width":1080,"height":566,"url":"https:\/\/cdn.blog.estrategiavestibulares.com.br\/vestibulares\/wp-content\/uploads\/2021\/03\/pexels-vinicius-vieira-ft-2560337-1-1_ccexpress.jpeg","type":"image\/jpeg"}],"author":"Estrat\u00e9gia Militares","twitter_card":"summary_large_image","twitter_creator":"@estrategiamilit","twitter_site":"@estrategiamilit","twitter_misc":{"Escrito por":"Estrat\u00e9gia Militares","Est. tempo de leitura":"6 minutos"},"schema":{"@context":"https:\/\/schema.org","@graph":[{"@type":"Article","@id":"https:\/\/militares.estrategia.com\/portal\/mundo-militar\/forcas-armadas\/exercito-brasileiro\/#article","isPartOf":{"@id":"https:\/\/militares.estrategia.com\/portal\/mundo-militar\/forcas-armadas\/exercito-brasileiro\/"},"author":{"name":"Estrat\u00e9gia Militares","@id":"https:\/\/militares.estrategia.com\/portal\/#\/schema\/person\/896181038f5542906e5db6f7db222d7c"},"headline":"Ex\u00e9rcito Brasileiro: como ingressar, patentes e mais!","datePublished":"2021-03-30T13:17:49+00:00","dateModified":"2022-06-09T17:41:08+00:00","mainEntityOfPage":{"@id":"https:\/\/militares.estrategia.com\/portal\/mundo-militar\/forcas-armadas\/exercito-brasileiro\/"},"wordCount":1188,"commentCount":0,"publisher":{"@id":"https:\/\/militares.estrategia.com\/portal\/#organization"},"image":{"@id":"https:\/\/militares.estrategia.com\/portal\/mundo-militar\/forcas-armadas\/exercito-brasileiro\/#primaryimage"},"thumbnailUrl":"https:\/\/militares.estrategia.com\/portal\/wp-content\/uploads\/2021\/03\/pexels-vinicius-vieira-ft-2560337-1-1_ccexpress.jpeg","articleSection":["For\u00e7as Armadas"],"inLanguage":"pt-BR","potentialAction":[{"@type":"CommentAction","name":"Comment","target":["https:\/\/militares.estrategia.com\/portal\/mundo-militar\/forcas-armadas\/exercito-brasileiro\/#respond"]}]},{"@type":"WebPage","@id":"https:\/\/militares.estrategia.com\/portal\/mundo-militar\/forcas-armadas\/exercito-brasileiro\/","url":"https:\/\/militares.estrategia.com\/portal\/mundo-militar\/forcas-armadas\/exercito-brasileiro\/","name":"Ex\u00e9rcito Brasileiro: como ingressar, patentes e mais!","isPartOf":{"@id":"https:\/\/militares.estrategia.com\/portal\/#website"},"primaryImageOfPage":{"@id":"https:\/\/militares.estrategia.com\/portal\/mundo-militar\/forcas-armadas\/exercito-brasileiro\/#primaryimage"},"image":{"@id":"https:\/\/militares.estrategia.com\/portal\/mundo-militar\/forcas-armadas\/exercito-brasileiro\/#primaryimage"},"thumbnailUrl":"https:\/\/militares.estrategia.com\/portal\/wp-content\/uploads\/2021\/03\/pexels-vinicius-vieira-ft-2560337-1-1_ccexpress.jpeg","datePublished":"2021-03-30T13:17:49+00:00","dateModified":"2022-06-09T17:41:08+00:00","description":"Voc\u00ea quer saber tudo sobre a For\u00e7a Terrestre do Brasil? Acompanhe este artigo e descubra tudo sobre o Ex\u00e9rcito Brasileiro!","breadcrumb":{"@id":"https:\/\/militares.estrategia.com\/portal\/mundo-militar\/forcas-armadas\/exercito-brasileiro\/#breadcrumb"},"inLanguage":"pt-BR","potentialAction":[{"@type":"ReadAction","target":["https:\/\/militares.estrategia.com\/portal\/mundo-militar\/forcas-armadas\/exercito-brasileiro\/"]}]},{"@type":"ImageObject","inLanguage":"pt-BR","@id":"https:\/\/militares.estrategia.com\/portal\/mundo-militar\/forcas-armadas\/exercito-brasileiro\/#primaryimage","url":"https:\/\/militares.estrategia.com\/portal\/wp-content\/uploads\/2021\/03\/pexels-vinicius-vieira-ft-2560337-1-1_ccexpress.jpeg","contentUrl":"https:\/\/militares.estrategia.com\/portal\/wp-content\/uploads\/2021\/03\/pexels-vinicius-vieira-ft-2560337-1-1_ccexpress.jpeg","width":1080,"height":566,"caption":"Ex\u00e9rcito Brasileiro"},{"@type":"BreadcrumbList","@id":"https:\/\/militares.estrategia.com\/portal\/mundo-militar\/forcas-armadas\/exercito-brasileiro\/#breadcrumb","itemListElement":[{"@type":"ListItem","position":1,"name":"Home","item":"https:\/\/militares.estrategia.com\/portal\/"},{"@type":"ListItem","position":2,"name":"Mundo Militar","item":"https:\/\/militares.estrategia.com\/portal\/mundo-militar\/"},{"@type":"ListItem","position":3,"name":"For\u00e7as Armadas","item":"https:\/\/militares.estrategia.com\/portal\/mundo-militar\/forcas-armadas\/"},{"@type":"ListItem","position":4,"name":"Ex\u00e9rcito Brasileiro: como ingressar, patentes e mais!"}]},{"@type":"WebSite","@id":"https:\/\/militares.estrategia.com\/portal\/#website","url":"https:\/\/militares.estrategia.com\/portal\/","name":"Estrat\u00e9gia Militares","description":"","publisher":{"@id":"https:\/\/militares.estrategia.com\/portal\/#organization"},"potentialAction":[{"@type":"SearchAction","target":{"@type":"EntryPoint","urlTemplate":"https:\/\/militares.estrategia.com\/portal\/?s={search_term_string}"},"query-input":{"@type":"PropertyValueSpecification","valueRequired":true,"valueName":"search_term_string"}}],"inLanguage":"pt-BR"},{"@type":"Organization","@id":"https:\/\/militares.estrategia.com\/portal\/#organization","name":"Estrat\u00e9gia Militares","url":"https:\/\/militares.estrategia.com\/portal\/","logo":{"@type":"ImageObject","inLanguage":"pt-BR","@id":"https:\/\/militares.estrategia.com\/portal\/#\/schema\/logo\/image\/","url":"https:\/\/militares.estrategia.com\/portal\/wp-content\/uploads\/2021\/10\/logo-militares.webp","contentUrl":"https:\/\/militares.estrategia.com\/portal\/wp-content\/uploads\/2021\/10\/logo-militares.webp","width":346,"height":90,"caption":"Estrat\u00e9gia Militares"},"image":{"@id":"https:\/\/militares.estrategia.com\/portal\/#\/schema\/logo\/image\/"},"sameAs":["https:\/\/www.facebook.com\/EstrategiaMilitares","https:\/\/x.com\/estrategiamilit","https:\/\/www.instagram.com\/estrategiamilitares\/","https:\/\/www.youtube.com\/channel\/UCRG_9hakCqXxnj_8TqCdgTA"]},{"@type":"Person","@id":"https:\/\/militares.estrategia.com\/portal\/#\/schema\/person\/896181038f5542906e5db6f7db222d7c","name":"Estrat\u00e9gia Militares","image":{"@type":"ImageObject","inLanguage":"pt-BR","@id":"https:\/\/militares.estrategia.com\/portal\/#\/schema\/person\/image\/","url":"https:\/\/militares.estrategia.com\/portal\/wp-content\/uploads\/2021\/10\/favicon-militares-150x150.webp","contentUrl":"https:\/\/militares.estrategia.com\/portal\/wp-content\/uploads\/2021\/10\/favicon-militares-150x150.webp","caption":"Estrat\u00e9gia Militares"},"url":"https:\/\/militares.estrategia.com\/portal\/author\/estrategia-militares\/"}]}},"_wl_alt_label":[],"wl:entity_url":"https:\/\/data.wordlift.io\/wl110246\/post\/exercito_brasileiro__saiba_tudo_sobre","_links":{"self":[{"href":"https:\/\/militares.estrategia.com\/portal\/wp-json\/wp\/v2\/posts\/43452","targetHints":{"allow":["GET"]}}],"collection":[{"href":"https:\/\/militares.estrategia.com\/portal\/wp-json\/wp\/v2\/posts"}],"about":[{"href":"https:\/\/militares.estrategia.com\/portal\/wp-json\/wp\/v2\/types\/post"}],"author":[{"embeddable":true,"href":"https:\/\/militares.estrategia.com\/portal\/wp-json\/wp\/v2\/users\/11"}],"replies":[{"embeddable":true,"href":"https:\/\/militares.estrategia.com\/portal\/wp-json\/wp\/v2\/comments?post=43452"}],"version-history":[{"count":5,"href":"https:\/\/militares.estrategia.com\/portal\/wp-json\/wp\/v2\/posts\/43452\/revisions"}],"predecessor-version":[{"id":53675,"href":"https:\/\/militares.estrategia.com\/portal\/wp-json\/wp\/v2\/posts\/43452\/revisions\/53675"}],"wp:featuredmedia":[{"embeddable":true,"href":"https:\/\/militares.estrategia.com\/portal\/wp-json\/wp\/v2\/media\/53674"}],"wp:attachment":[{"href":"https:\/\/militares.estrategia.com\/portal\/wp-json\/wp\/v2\/media?parent=43452"}],"wp:term":[{"taxonomy":"category","embeddable":true,"href":"https:\/\/militares.estrategia.com\/portal\/wp-json\/wp\/v2\/categories?post=43452"},{"taxonomy":"post_tag","embeddable":true,"href":"https:\/\/militares.estrategia.com\/portal\/wp-json\/wp\/v2\/tags?post=43452"},{"taxonomy":"wl_entity_type","embeddable":true,"href":"https:\/\/militares.estrategia.com\/portal\/wp-json\/wp\/v2\/wl_entity_type?post=43452"}],"curies":[{"name":"wp","href":"https:\/\/api.w.org\/{rel}","templated":true}]}}