{"id":39157,"date":"2020-06-05T14:20:57","date_gmt":"2020-06-05T17:20:57","guid":{"rendered":"https:\/\/blog.estrategiamilitares.com.br\/?p=39157"},"modified":"2023-07-25T15:07:59","modified_gmt":"2023-07-25T18:07:59","slug":"semana-especial","status":"publish","type":"post","link":"https:\/\/militares.estrategia.com\/portal\/eventos\/pre-prova\/semana-especial\/","title":{"rendered":"Semana Especial: S.O.S Sargento ESA, EEAR, EsPCEx e CN\/EPCAR"},"content":{"rendered":"\n<p class=\"wp-block-paragraph\">Concurseiros de plant\u00e3o que est\u00e3o se preparando para ESA, <span id=\"urn:enhancement-b0cc9017-489e-427b-b054-787be536fff8\" class=\"textannotation disambiguated wl-organization\" itemid=\"https:\/\/data.wordlift.io\/wl110246\/entity\/escola_de_especialistas_de_aeronautica_eear\">EEAR<\/span>, <span id=\"urn:enhancement-463c1dd3-3c03-4dd5-8e3b-527be9fc8805\" class=\"textannotation disambiguated wl-thing\" itemid=\"https:\/\/data.wordlift.io\/wl110246\/entity\/espcex\">EsPCEx<\/span>, CN e <span id=\"urn:enhancement-ac9c7cc7-ae2f-4731-9e8d-c4e3f6906619\" class=\"textannotation disambiguated wl-organization\" itemid=\"https:\/\/data.wordlift.io\/wl110246\/entity\/escola_preparatoria_de_cadetes_do_ar\">EPCAR<\/span>, o <span id=\"urn:enhancement-005ae002-c72b-4eef-8ad0-ffc7832516c7\" class=\"textannotation disambiguated wl-organization\" itemid=\"https:\/\/data.wordlift.io\/wl110246\/entity\/estrategia_militares\">Estrat\u00e9gia Militares<\/span> realizar\u00e1 uma<strong> Semana Especial S.O.S <span id=\"urn:enhancement-648104c5-895a-4936-94fb-fd4d7e826d45\" class=\"textannotation disambiguated wl-thing\" itemid=\"https:\/\/data.wordlift.io\/wl110246\/entity\/sargento\">Sargento<\/span> &#8211; ESA\/<span id=\"urn:enhancement-0d3e4c96-3d84-4a04-9e29-78938b2de65d\" class=\"textannotation disambiguated wl-organization\" itemid=\"https:\/\/data.wordlift.io\/wl110246\/entity\/escola_de_especialistas_de_aeronautica_eear\">EEAR<\/span> e <span id=\"urn:enhancement-ce5e11ce-11b0-4673-9d4f-2df1f6012cd7\" class=\"textannotation disambiguated wl-thing\" itemid=\"https:\/\/data.wordlift.io\/wl110246\/entity\/espcex\">EsPCEx<\/span>, e  <strong>S.0.S &#8211; CN\/<span id=\"urn:enhancement-7046f8db-8b96-4523-8890-a22dc7780a6e\" class=\"textannotation disambiguated wl-organization\" itemid=\"https:\/\/data.wordlift.io\/wl110246\/entity\/escola_preparatoria_de_cadetes_do_ar\">EPCAR<\/span><\/strong><\/strong> <strong>para voc\u00eas! <\/strong><\/p>\n\n\n\n<p class=\"wp-block-paragraph\">O evento para os concursos <strong><a href=\"https:\/\/militares.estrategia.com\/portal\/guias\/exercito\/concurso-esa\/\" target=\"_blank\" >ESA<\/a> <\/strong>e <strong><a href=\"https:\/\/militares.estrategia.com\/portal\/guias\/aeronautica\/concurso-eear\/\" target=\"_blank\" >EEAR<\/a> <\/strong>acontecer\u00e3o entre os dias 8 e 13 de fevereiro, para o concurso <strong><a href=\"https:\/\/militares.estrategia.com\/portal\/guias\/exercito\/concurso-espcex\/\" target=\"_blank\" >EsPCEx<\/a><\/strong>, o evento acontecer\u00e1 entre os dias 15 a 21 de fevereiro, por fim, na semana do dia 22 ao dia 26 de fevereiro, realizaremos<strong> CN\/<a href=\"https:\/\/militares.estrategia.com\/portal\/guias\/aeronautica\/concurso-epcar\/\" target=\"_blank\" >EPCAR<\/a>.<\/strong>  Ent\u00e3o n\u00e3o deixe de participar das aulas gratuitas e on-line, com bizus in\u00e9ditos.<\/p>\n\n\n\n<p class=\"wp-block-paragraph\">Ser\u00e3o disponibilizadas diversas aulas para ajudar na sua prepara\u00e7\u00e3o. Durante a semana da ESA e <span id=\"urn:enhancement-1f5b4d1e-e58b-459e-bc70-2b68812bb5b9\" class=\"textannotation disambiguated wl-organization\" itemid=\"https:\/\/data.wordlift.io\/wl110246\/entity\/escola_de_especialistas_de_aeronautica_eear\">EEAR<\/span>, os alunos da <span id=\"urn:enhancement-fb229014-d942-46e9-8cde-1ed3616435d2\" class=\"textannotation disambiguated wl-organization\" itemid=\"https:\/\/data.wordlift.io\/wl110246\/entity\/estrategia_militares\">Estrat\u00e9gia Militares<\/span> ter\u00e3o aulas de Portugu\u00eas, Matem\u00e1tica, Geografia, <span id=\"urn:enhancement-c2c6fb55-0fb8-4bb9-b53f-889bb82977e1\" class=\"textannotation disambiguated wl-creative-work\" itemid=\"https:\/\/data.wordlift.io\/wl110246\/entity\/fisica\">F\u00edsica<\/span>, <span id=\"urn:enhancement-982acf07-cc3e-4697-b231-30a83f1a0187\" class=\"textannotation disambiguated wl-thing\" itemid=\"https:\/\/data.wordlift.io\/wl110246\/entity\/redacao\">Reda\u00e7\u00e3o<\/span>, Hist\u00f3ria e Ingl\u00eas. <\/p>\n\n\n\n<p class=\"wp-block-paragraph\">Na Semana Especial da <span id=\"urn:enhancement-a3ea45ab-9698-412f-a340-03f831fc9d4e\" class=\"textannotation disambiguated wl-thing\" itemid=\"https:\/\/data.wordlift.io\/wl110246\/entity\/espcex\">EsPCEx<\/span>, os alunos ter\u00e3o aulas de <span id=\"urn:enhancement-dd03db7f-166b-4c9e-af16-598f6cc50752\" class=\"textannotation disambiguated wl-creative-work\" itemid=\"https:\/\/data.wordlift.io\/wl110246\/entity\/quimica\">Qu\u00edmica<\/span>, <span id=\"urn:enhancement-12e46142-fa8d-41eb-92ba-982ffc398d2f\" class=\"textannotation disambiguated wl-creative-work\" itemid=\"https:\/\/data.wordlift.io\/wl110246\/entity\/fisica\">F\u00edsica<\/span>, Portugu\u00eas, Literatura, Geografia, Ingl\u00eas, Matem\u00e1tica e Hist\u00f3ria Fique atento! <\/p>\n\n\n\n<p class=\"wp-block-paragraph\">Para CN e <span id=\"urn:enhancement-60b1f120-4a21-4999-a14f-f180ca00756b\" class=\"textannotation disambiguated wl-organization\" itemid=\"https:\/\/data.wordlift.io\/wl110246\/entity\/escola_preparatoria_de_cadetes_do_ar\">EPCAR<\/span> os alunos ter\u00e3o aulas de <span id=\"urn:enhancement-d59b6c4e-8560-46b2-a781-aa65ab432159\" class=\"textannotation disambiguated wl-creative-work\" itemid=\"https:\/\/data.wordlift.io\/wl110246\/entity\/quimica\">Qu\u00edmica<\/span>, <span id=\"urn:enhancement-4f9a0a1d-0016-4f33-8233-8e894bcea9ec\" class=\"textannotation disambiguated wl-creative-work\" itemid=\"https:\/\/data.wordlift.io\/wl110246\/entity\/fisica\">F\u00edsica<\/span>, Portugu\u00eas, Biologia, Geografia, Ingl\u00eas, Matem\u00e1tica e Hist\u00f3ria<\/p>\n\n\n\n<p class=\"wp-block-paragraph\">As aulas ter\u00e3o <span id=\"urn:enhancement-d2f805c9-8260-4dfd-86c6-40e0c7b3f7d4\" class=\"textannotation disambiguated wl-thing\" itemid=\"https:\/\/data.wordlift.io\/wl110246\/entity\/fuso-horario\">hor\u00e1rios<\/span> diferentes a cada dia, portanto, marque na sua agenda e n\u00e3o perca. As aulas ser\u00e3o abertas para todos e transmitidas no canal do<a  href=\"https:\/\/www.youtube.com\/channel\/UCRG_9hakCqXxnj_8TqCdgTA\/featured\" target=\"_blank\"> YouTube<\/a>. Confira abaixo a live de lan\u00e7amento do evento S.O.S <span id=\"urn:enhancement-8fd31897-9199-4771-8e05-43599a3534cd\" class=\"textannotation disambiguated wl-thing\" itemid=\"https:\/\/data.wordlift.io\/wl110246\/entity\/sargento\">Sargento<\/span> ESA\/<span id=\"urn:enhancement-d4aaeba3-ff8c-456e-b3e5-777692257310\" class=\"textannotation disambiguated wl-organization\" itemid=\"https:\/\/data.wordlift.io\/wl110246\/entity\/escola_de_especialistas_de_aeronautica_eear\">EEAR<\/span>!<\/p>\n\n\n\n<figure class=\"wp-block-embed is-type-video is-provider-youtube wp-block-embed-youtube wp-embed-aspect-16-9 wp-has-aspect-ratio\"><div class=\"wp-block-embed__wrapper\">\n<div class=\"cs-embed cs-embed-responsive\"><iframe title=\"S.O.S Sargento - ESA \/ EEAR\" width=\"1200\" height=\"675\" src=\"https:\/\/www.youtube.com\/embed\/videoseries?list=PLpV9DvCZhRkIMhbhNZzTtVgsnjdlJ4mS4\" frameborder=\"0\" allow=\"accelerometer; autoplay; clipboard-write; encrypted-media; gyroscope; picture-in-picture; web-share\" allowfullscreen><\/iframe><\/div>\n<\/div><\/figure>\n\n\n\n<p class=\"wp-block-paragraph\">Al\u00e9m disso, ser\u00e3o disponibilizados cupons promocionais de 55% de desconto para os pacotes. ESA e <span id=\"urn:enhancement-f2eaa89d-86f2-4317-9ebf-7b322ad9b9ba\" class=\"textannotation disambiguated wl-organization\" itemid=\"https:\/\/data.wordlift.io\/wl110246\/entity\/escola_de_especialistas_de_aeronautica_eear\">EEAR<\/span>, ficaram dispon\u00edveis at\u00e9 dia 15\/02, enquanto o pacote <span id=\"urn:enhancement-ea461eec-7b01-4da3-8bb4-f3a8fd3c775c\" class=\"textannotation disambiguated wl-thing\" itemid=\"https:\/\/data.wordlift.io\/wl110246\/entity\/espcex\">EsPCEx<\/span> fica at\u00e9 22\/02. N\u00e3o perca essa oportunidade e adquira o seu pacote!<\/p>\n\n\n\n<p class=\"wp-block-paragraph\">Para mais informa\u00e7\u00f5es, clique no bot\u00e3o abaixo e acesse a tabela com os c\u00f3digos promocionais.<\/p>\n\n\n\n<div class=\"wp-block-buttons is-horizontal is-content-justification-center is-layout-flex wp-container-core-buttons-is-layout-7d812b4c wp-block-buttons-is-layout-flex\">\n<div class=\"wp-block-button is-style-outline is-style-outline--1\"><a class=\"wp-block-button__link has-black-color has-electric-grass-gradient-background has-text-color has-background wp-element-button\" href=\"https:\/\/militares.estrategia.com\/portal\/estrategia-eventos\/cupons-promocionais\/\" style=\"border-radius:50px\" target=\"_blank\" >cupons promocionais<\/a><\/div>\n<\/div>\n\n\n\n<div id=\"ez-toc-container\" class=\"ez-toc-v2_0_86 counter-hierarchy ez-toc-counter ez-toc-transparent ez-toc-container-direction\">\n<div class=\"ez-toc-title-container\"><p class=\"ez-toc-title\" style=\"cursor:inherit\">Navegue pelo conte\u00fado\t<\/p>\n<\/div><nav><ul class='ez-toc-list ez-toc-list-level-1 ' ><li class='ez-toc-page-1 ez-toc-heading-level-2'><a class=\"ez-toc-link ez-toc-heading-1\" href=\"https:\/\/militares.estrategia.com\/portal\/eventos\/pre-prova\/semana-especial\/#Semana-Especial-SOS-%E2%80%93-CNEPCAR\" >Semana Especial S.O.S &#8211; CN\/EPCAR<\/a><\/li><li class='ez-toc-page-1 ez-toc-heading-level-2'><a class=\"ez-toc-link ez-toc-heading-2\" href=\"https:\/\/militares.estrategia.com\/portal\/eventos\/pre-prova\/semana-especial\/#Semana-Especial-SOS-Sargento-%E2%80%93-EsPCEx\" >Semana Especial S.O.S Sargento &#8211; EsPCEx<\/a><\/li><li class='ez-toc-page-1 ez-toc-heading-level-2'><a class=\"ez-toc-link ez-toc-heading-3\" href=\"https:\/\/militares.estrategia.com\/portal\/eventos\/pre-prova\/semana-especial\/#Semana-Especial-S0S-Sargento-%E2%80%93-ESAEEAR\" >Semana Especial S.0.S Sargento &#8211; ESA\/EEAR<\/a><\/li><li class='ez-toc-page-1 ez-toc-heading-level-2'><a class=\"ez-toc-link ez-toc-heading-4\" href=\"https:\/\/militares.estrategia.com\/portal\/eventos\/pre-prova\/semana-especial\/#Como-participar\" >Como participar?<\/a><\/li><li class='ez-toc-page-1 ez-toc-heading-level-2'><a class=\"ez-toc-link ez-toc-heading-5\" href=\"https:\/\/militares.estrategia.com\/portal\/eventos\/pre-prova\/semana-especial\/#Por-que-participar\" >Por que participar?<\/a><\/li><li class='ez-toc-page-1 ez-toc-heading-level-2'><a class=\"ez-toc-link ez-toc-heading-6\" href=\"https:\/\/militares.estrategia.com\/portal\/eventos\/pre-prova\/semana-especial\/#Sobre-a-EsPCEx\" >Sobre a EsPCEx<\/a><\/li><li class='ez-toc-page-1 ez-toc-heading-level-2'><a class=\"ez-toc-link ez-toc-heading-7\" href=\"https:\/\/militares.estrategia.com\/portal\/eventos\/pre-prova\/semana-especial\/#Sobre-o-CN\" >Sobre o CN<\/a><\/li><li class='ez-toc-page-1 ez-toc-heading-level-2'><a class=\"ez-toc-link ez-toc-heading-8\" href=\"https:\/\/militares.estrategia.com\/portal\/eventos\/pre-prova\/semana-especial\/#Sobre-a-EPCAR\" >Sobre a EPCAR<\/a><\/li><\/ul><\/nav><\/div>\n<h2 class=\"wp-block-heading\" id=\"h-semana-especial-s-o-s-cn-epcar\"><span class=\"ez-toc-section\" id=\"Semana-Especial-SOS-%E2%80%93-CNEPCAR\"><\/span><strong>Semana Especial S.O.S &#8211; CN\/EPCAR<\/strong><span class=\"ez-toc-section-end\"><\/span><\/h2>\n\n\n\n<p class=\"wp-block-paragraph\">Na semana do dia 22 ao dia 26 de fevereiro, o Estrat\u00e9gia realizar\u00e1 a Semana Especial de aulas para o:&nbsp;<strong>&nbsp;S.0.S &#8211; <strong>CN\/<span id=\"urn:enhancement-092c7233-ce60-4509-ae99-df6f940f2301\" class=\"textannotation disambiguated wl-organization\" itemid=\"https:\/\/data.wordlift.io\/wl110246\/entity\/escola_preparatoria_de_cadetes_do_ar\">EPCAR<\/span><\/strong><\/strong>.<\/p>\n\n\n\n<figure class=\"wp-block-table is-style-stripes\"><table class=\"has-background has-fixed-layout\" style=\"background-color:#e7f5fe\"><thead><tr><th class=\"has-text-align-left\" data-align=\"left\">Data<\/th><th class=\"has-text-align-left\" data-align=\"left\">Hor\u00e1rio<\/th><th class=\"has-text-align-center\" data-align=\"center\">Aula<\/th><th class=\"has-text-align-left\" data-align=\"left\">Professor<\/th><\/tr><\/thead><tbody><tr><td class=\"has-text-align-left\" data-align=\"left\">22\/02<\/td><td class=\"has-text-align-left\" data-align=\"left\">8h30 \u00e0s 12h<\/td><td class=\"has-text-align-center\" data-align=\"center\"><span id=\"urn:enhancement-13cf6a3f-ed88-466e-b6b9-5ec8faed8e78\" class=\"textannotation disambiguated wl-creative-work\" itemid=\"https:\/\/data.wordlift.io\/wl110246\/entity\/quimica\">Qu\u00edmica<\/span><\/td><td class=\"has-text-align-left\" data-align=\"left\">Thiago Cardoso<\/td><\/tr><tr><td class=\"has-text-align-left\" data-align=\"left\">22\/02<\/td><td class=\"has-text-align-left\" data-align=\"left\">14h \u00e0s 17h30<\/td><td class=\"has-text-align-center\" data-align=\"center\">Geografia<\/td><td class=\"has-text-align-left\" data-align=\"left\">Priscila<\/td><\/tr><tr><td class=\"has-text-align-left\" data-align=\"left\">22\/02<\/td><td class=\"has-text-align-left\" data-align=\"left\">19h \u00e0s 22h30<\/td><td class=\"has-text-align-center\" data-align=\"center\">Portugu\u00eas<\/td><td class=\"has-text-align-left\" data-align=\"left\">Janaina<\/td><\/tr><tr><td class=\"has-text-align-left\" data-align=\"left\">23\/02<\/td><td class=\"has-text-align-left\" data-align=\"left\">8h30 \u00e0s 12h<\/td><td class=\"has-text-align-center\" data-align=\"center\">Matem\u00e1tica<\/td><td class=\"has-text-align-left\" data-align=\"left\">Ismael<\/td><\/tr><tr><td class=\"has-text-align-left\" data-align=\"left\">23\/02<\/td><td class=\"has-text-align-left\" data-align=\"left\">14h \u00e0s 17h30<\/td><td class=\"has-text-align-center\" data-align=\"center\"><span id=\"urn:enhancement-ae41abad-2277-4975-b246-4efcf7bf1219\" class=\"textannotation disambiguated wl-creative-work\" itemid=\"https:\/\/data.wordlift.io\/wl110246\/entity\/fisica\">F\u00edsica<\/span><\/td><td class=\"has-text-align-left\" data-align=\"left\">Fulconi<\/td><\/tr><tr><td class=\"has-text-align-left\" data-align=\"left\">23\/02<\/td><td class=\"has-text-align-left\" data-align=\"left\">19h \u00e1s 22h30<\/td><td class=\"has-text-align-center\" data-align=\"center\">Matem\u00e1tica<\/td><td class=\"has-text-align-left\" data-align=\"left\">Victor So<\/td><\/tr><tr><td class=\"has-text-align-left\" data-align=\"left\">24\/02<\/td><td class=\"has-text-align-left\" data-align=\"left\">8h30 \u00e0s 12h<\/td><td class=\"has-text-align-center\" data-align=\"center\">Hist\u00f3ria<\/td><td class=\"has-text-align-left\" data-align=\"left\">Marco<\/td><\/tr><tr><td class=\"has-text-align-left\" data-align=\"left\">24\/02<\/td><td class=\"has-text-align-left\" data-align=\"left\">14h \u00e0s 17h30<\/td><td class=\"has-text-align-center\" data-align=\"center\">Geografia<\/td><td class=\"has-text-align-left\" data-align=\"left\">Priscila<\/td><\/tr><tr><td class=\"has-text-align-left\" data-align=\"left\">24\/02<\/td><td class=\"has-text-align-left\" data-align=\"left\">19h \u00e0s 22h30<\/td><td class=\"has-text-align-center\" data-align=\"center\">Ingl\u00eas<\/td><td class=\"has-text-align-left\" data-align=\"left\">Leonardo Pontes<\/td><\/tr><tr><td class=\"has-text-align-left\" data-align=\"left\">25\/02<\/td><td class=\"has-text-align-left\" data-align=\"left\">8h30 \u00e0s 12h<\/td><td class=\"has-text-align-center\" data-align=\"center\"><span id=\"urn:enhancement-cb47545c-eebc-4a71-8821-f61594285232\" class=\"textannotation disambiguated wl-creative-work\" itemid=\"https:\/\/data.wordlift.io\/wl110246\/entity\/fisica\">F\u00edsica<\/span><\/td><td class=\"has-text-align-left\" data-align=\"left\">Davi<\/td><\/tr><tr><td class=\"has-text-align-left\" data-align=\"left\">25\/02<\/td><td class=\"has-text-align-left\" data-align=\"left\">14h \u00e0s 17h30<\/td><td class=\"has-text-align-center\" data-align=\"center\">Matem\u00e1tica<\/td><td class=\"has-text-align-left\" data-align=\"left\">Ismael<\/td><\/tr><tr><td class=\"has-text-align-left\" data-align=\"left\">25\/02<\/td><td class=\"has-text-align-left\" data-align=\"left\">19h \u00e0s 22h30<\/td><td class=\"has-text-align-center\" data-align=\"center\">Portugu\u00eas<\/td><td class=\"has-text-align-left\" data-align=\"left\">Janaina<\/td><\/tr><tr><td class=\"has-text-align-left\" data-align=\"left\">26\/02<\/td><td class=\"has-text-align-left\" data-align=\"left\">8h30 \u00e0s 12h<\/td><td class=\"has-text-align-center\" data-align=\"center\">Biologia<\/td><td class=\"has-text-align-left\" data-align=\"left\">Daniel Reis<\/td><\/tr><tr><td class=\"has-text-align-left\" data-align=\"left\">26\/02<\/td><td class=\"has-text-align-left\" data-align=\"left\">14h \u00e0s 17h30<\/td><td class=\"has-text-align-center\" data-align=\"center\">Hist\u00f3ria<\/td><td class=\"has-text-align-left\" data-align=\"left\">Marco<\/td><\/tr><tr><td class=\"has-text-align-left\" data-align=\"left\">26\/02<\/td><td class=\"has-text-align-left\" data-align=\"left\">19h \u00e0s 22h30<\/td><td class=\"has-text-align-center\" data-align=\"center\">Matem\u00e1tica<\/td><td class=\"has-text-align-left\" data-align=\"left\">Luciana <\/td><\/tr><\/tbody><\/table><\/figure>\n\n\n\n<h2 class=\"wp-block-heading\" id=\"h-semana-especial-s-o-s-sargento-espcex\"><span class=\"ez-toc-section\" id=\"Semana-Especial-SOS-Sargento-%E2%80%93-EsPCEx\"><\/span><strong>Semana Especial S.O.S Sargento &#8211; EsPCEx<\/strong><span class=\"ez-toc-section-end\"><\/span><\/h2>\n\n\n\n<p class=\"wp-block-paragraph\">O lan\u00e7amento da Semana Especial S.O.S <span id=\"urn:enhancement-0b4203c0-8ed9-4078-8d58-2e9576c4e65c\" class=\"textannotation disambiguated wl-thing\" itemid=\"https:\/\/data.wordlift.io\/wl110246\/entity\/sargento\">Sargento<\/span> <span id=\"urn:enhancement-4114a815-ccd2-4399-9aea-2c0797833850\" class=\"textannotation disambiguated wl-thing\" itemid=\"https:\/\/data.wordlift.io\/wl110246\/entity\/espcex\">EsPCEx<\/span> foi transmitido ao vivo, em nosso canal do <a  href=\"https:\/\/www.youtube.com\/channel\/UCRG_9hakCqXxnj_8TqCdgTA\/featured\" target=\"_blank\">Youtube<\/a> no dia 14 de fevereiro. O evento foi aberto para todos, tendo os professores Al\u00ea e Priscila como \u00e2ncoras. <\/p>\n\n\n\n<figure class=\"wp-block-table is-style-stripes\"><table class=\"has-background has-fixed-layout\" style=\"background-color:#e7f5fe\"><thead><tr><th class=\"has-text-align-left\" data-align=\"left\">Data<\/th><th class=\"has-text-align-left\" data-align=\"left\">Hor\u00e1rio<\/th><th class=\"has-text-align-center\" data-align=\"center\">Aula<\/th><th class=\"has-text-align-left\" data-align=\"left\">Professor<\/th><\/tr><\/thead><tbody><tr><td class=\"has-text-align-left\" data-align=\"left\">15\/02<\/td><td class=\"has-text-align-left\" data-align=\"left\">8h30 \u00e0s 12h<\/td><td class=\"has-text-align-center\" data-align=\"center\"><span id=\"urn:enhancement-b322db93-1c7b-4cd3-8a51-2526593518df\" class=\"textannotation disambiguated wl-creative-work\" itemid=\"https:\/\/data.wordlift.io\/wl110246\/entity\/quimica\">Qu\u00edmica<\/span><\/td><td class=\"has-text-align-left\" data-align=\"left\">Thiago Cardoso<\/td><\/tr><tr><td class=\"has-text-align-left\" data-align=\"left\">15\/02<\/td><td class=\"has-text-align-left\" data-align=\"left\">14h \u00e0s 17h30<\/td><td class=\"has-text-align-center\" data-align=\"center\">Geografia<\/td><td class=\"has-text-align-left\" data-align=\"left\">Priscila<\/td><\/tr><tr><td class=\"has-text-align-left\" data-align=\"left\">15\/02<\/td><td class=\"has-text-align-left\" data-align=\"left\">19h \u00e0s 22h30<\/td><td class=\"has-text-align-center\" data-align=\"center\">Portugu\u00eas<\/td><td class=\"has-text-align-left\" data-align=\"left\">Janaina<\/td><\/tr><tr><td class=\"has-text-align-left\" data-align=\"left\">16\/02<\/td><td class=\"has-text-align-left\" data-align=\"left\">8h30 \u00e0s 12h<\/td><td class=\"has-text-align-center\" data-align=\"center\">Literatura<\/td><td class=\"has-text-align-left\" data-align=\"left\">Luana<\/td><\/tr><tr><td class=\"has-text-align-left\" data-align=\"left\">16\/02<\/td><td class=\"has-text-align-left\" data-align=\"left\">14h \u00e0s 17h30<\/td><td class=\"has-text-align-center\" data-align=\"center\"><span id=\"urn:enhancement-aace5348-f18c-410e-a991-5e3d73a575cf\" class=\"textannotation disambiguated wl-creative-work\" itemid=\"https:\/\/data.wordlift.io\/wl110246\/entity\/fisica\">F\u00edsica<\/span><\/td><td class=\"has-text-align-left\" data-align=\"left\">Fulconi<\/td><\/tr><tr><td class=\"has-text-align-left\" data-align=\"left\">16\/02<\/td><td class=\"has-text-align-left\" data-align=\"left\">19h \u00e1s 22h30<\/td><td class=\"has-text-align-center\" data-align=\"center\">Matem\u00e1tica<\/td><td class=\"has-text-align-left\" data-align=\"left\">Ismael Santos<\/td><\/tr><tr><td class=\"has-text-align-left\" data-align=\"left\">17\/02<\/td><td class=\"has-text-align-left\" data-align=\"left\">8h30 \u00e0s 12h<\/td><td class=\"has-text-align-center\" data-align=\"center\">Hist\u00f3ria<\/td><td class=\"has-text-align-left\" data-align=\"left\">Al\u00ea<\/td><\/tr><tr><td class=\"has-text-align-left\" data-align=\"left\">17\/02<\/td><td class=\"has-text-align-left\" data-align=\"left\">14h \u00e0s 17h30<\/td><td class=\"has-text-align-center\" data-align=\"center\">Geografia<\/td><td class=\"has-text-align-left\" data-align=\"left\">Priscila<\/td><\/tr><tr><td class=\"has-text-align-left\" data-align=\"left\">17\/02<\/td><td class=\"has-text-align-left\" data-align=\"left\">19h \u00e0s 22h30<\/td><td class=\"has-text-align-center\" data-align=\"center\">Ingl\u00eas<\/td><td class=\"has-text-align-left\" data-align=\"left\">Leonardo Pontes<\/td><\/tr><tr><td class=\"has-text-align-left\" data-align=\"left\">18\/02<\/td><td class=\"has-text-align-left\" data-align=\"left\">8h30 \u00e0s 12h<\/td><td class=\"has-text-align-center\" data-align=\"center\"><span id=\"urn:enhancement-ce7a9bf0-2501-4db2-8bed-50f493e71854\" class=\"textannotation disambiguated wl-creative-work\" itemid=\"https:\/\/data.wordlift.io\/wl110246\/entity\/fisica\">F\u00edsica<\/span><\/td><td class=\"has-text-align-left\" data-align=\"left\">Davi<\/td><\/tr><tr><td class=\"has-text-align-left\" data-align=\"left\">18\/02<\/td><td class=\"has-text-align-left\" data-align=\"left\">14h \u00e0s 17h30<\/td><td class=\"has-text-align-center\" data-align=\"center\">Matem\u00e1tica<\/td><td class=\"has-text-align-left\" data-align=\"left\">Victor So<\/td><\/tr><tr><td class=\"has-text-align-left\" data-align=\"left\">18\/02<\/td><td class=\"has-text-align-left\" data-align=\"left\">19h \u00e0s 22h30<\/td><td class=\"has-text-align-center\" data-align=\"center\">Portugu\u00eas<\/td><td class=\"has-text-align-left\" data-align=\"left\">Janaina<\/td><\/tr><tr><td class=\"has-text-align-left\" data-align=\"left\">19\/02<\/td><td class=\"has-text-align-left\" data-align=\"left\">8h30 \u00e0s 12h<\/td><td class=\"has-text-align-center\" data-align=\"center\"><span id=\"urn:enhancement-659dbb90-80f3-48f8-b581-ab281a49a8b1\" class=\"textannotation disambiguated wl-creative-work\" itemid=\"https:\/\/data.wordlift.io\/wl110246\/entity\/quimica\">Qu\u00edmica<\/span><\/td><td class=\"has-text-align-left\" data-align=\"left\">Thiago Cardoso<\/td><\/tr><tr><td class=\"has-text-align-left\" data-align=\"left\">19\/02<\/td><td class=\"has-text-align-left\" data-align=\"left\">14h \u00e0s 17h30<\/td><td class=\"has-text-align-center\" data-align=\"center\">Hist\u00f3ria<\/td><td class=\"has-text-align-left\" data-align=\"left\">Al\u00ea<\/td><\/tr><tr><td class=\"has-text-align-left\" data-align=\"left\">19\/02<\/td><td class=\"has-text-align-left\" data-align=\"left\">19h \u00e0s 22h30<\/td><td class=\"has-text-align-center\" data-align=\"center\">Matem\u00e1tica<\/td><td class=\"has-text-align-left\" data-align=\"left\">Luciana Fagundes<\/td><\/tr><\/tbody><\/table><\/figure>\n\n\n\n<h2 class=\"wp-block-heading\" id=\"h-semana-especial-s-0-s-sargento-esa-eear\"><span class=\"ez-toc-section\" id=\"Semana-Especial-S0S-Sargento-%E2%80%93-ESAEEAR\"><\/span><strong>Semana Especial S.0.S Sargento &#8211; ESA\/EEAR<\/strong><span class=\"ez-toc-section-end\"><\/span><\/h2>\n\n\n\n<figure class=\"wp-block-table is-style-stripes\"><table class=\"has-background has-fixed-layout\" style=\"background-color:#e7f5fe\"><tbody><tr><td><strong>Data<\/strong><\/td><td class=\"has-text-align-left\" data-align=\"left\"><strong>Hor\u00e1rio<\/strong><\/td><td class=\"has-text-align-left\" data-align=\"left\"><strong>Aula<\/strong><\/td><td class=\"has-text-align-left\" data-align=\"left\"><strong>Professor<\/strong><\/td><\/tr><tr><td>08\/02 <\/td><td class=\"has-text-align-left\" data-align=\"left\">7h \u00e0s 12h<\/td><td class=\"has-text-align-left\" data-align=\"left\">Matem\u00e1tica<\/td><td class=\"has-text-align-left\" data-align=\"left\">Ismael Santos<\/td><\/tr><tr><td>08\/02<\/td><td class=\"has-text-align-left\" data-align=\"left\">14h \u00e0s 17h30<\/td><td class=\"has-text-align-left\" data-align=\"left\">Geografia<\/td><td class=\"has-text-align-left\" data-align=\"left\">Priscila<\/td><\/tr><tr><td>08\/02<\/td><td class=\"has-text-align-left\" data-align=\"left\">19h \u00e0s 22h30<\/td><td class=\"has-text-align-left\" data-align=\"left\">Portugu\u00eas<\/td><td class=\"has-text-align-left\" data-align=\"left\">Janaina<\/td><\/tr><tr><td>09\/02<\/td><td class=\"has-text-align-left\" data-align=\"left\">8h30 \u00e0s 12h<\/td><td class=\"has-text-align-left\" data-align=\"left\">Matem\u00e1tica<\/td><td class=\"has-text-align-left\" data-align=\"left\">Victor So<\/td><\/tr><tr><td>09\/02<\/td><td class=\"has-text-align-left\" data-align=\"left\">14h \u00e0s 17h30<\/td><td class=\"has-text-align-left\" data-align=\"left\"><span id=\"urn:enhancement-29d3b84c-f57e-4393-a3fa-ebd5aac05d98\" class=\"textannotation disambiguated wl-creative-work\" itemid=\"https:\/\/data.wordlift.io\/wl110246\/entity\/fisica\">F\u00edsica<\/span><\/td><td class=\"has-text-align-left\" data-align=\"left\">Fulconi<\/td><\/tr><tr><td>09\/02<\/td><td class=\"has-text-align-left\" data-align=\"left\">19h \u00e0s 21h<\/td><td class=\"has-text-align-left\" data-align=\"left\">Matem\u00e1tica<\/td><td class=\"has-text-align-left\" data-align=\"left\">Paulo Pereira<\/td><\/tr><tr><td>09\/02<\/td><td class=\"has-text-align-left\" data-align=\"left\">21h15 \u00e0s 23h<\/td><td class=\"has-text-align-left\" data-align=\"left\"><span id=\"urn:enhancement-97bcc5d4-8421-42b7-b0ac-b8cc75f9f939\" class=\"textannotation disambiguated wl-thing\" itemid=\"https:\/\/data.wordlift.io\/wl110246\/entity\/redacao\">Reda\u00e7\u00e3o<\/span><\/td><td class=\"has-text-align-left\" data-align=\"left\">Marina<\/td><\/tr><tr><td>10\/02<\/td><td class=\"has-text-align-left\" data-align=\"left\">8h30 \u00e0s 12h<\/td><td class=\"has-text-align-left\" data-align=\"left\">Hist\u00f3ria<\/td><td class=\"has-text-align-left\" data-align=\"left\">Marco<\/td><\/tr><tr><td>10\/02<\/td><td class=\"has-text-align-left\" data-align=\"left\">14h \u00e0s 17h30<\/td><td class=\"has-text-align-left\" data-align=\"left\">Geografia<\/td><td class=\"has-text-align-left\" data-align=\"left\">Priscila<\/td><\/tr><tr><td>10\/02<\/td><td class=\"has-text-align-left\" data-align=\"left\">19h \u00e0s 22h30<\/td><td class=\"has-text-align-left\" data-align=\"left\">ingl\u00eas<\/td><td class=\"has-text-align-left\" data-align=\"left\">Leonardo Pontes<\/td><\/tr><tr><td>11\/02<\/td><td class=\"has-text-align-left\" data-align=\"left\">8h30 \u00e0s 12h<\/td><td class=\"has-text-align-left\" data-align=\"left\"><span id=\"urn:enhancement-39b3e8a3-4c2a-45c7-a508-588c0caf844f\" class=\"textannotation disambiguated wl-creative-work\" itemid=\"https:\/\/data.wordlift.io\/wl110246\/entity\/fisica\">F\u00edsica<\/span><\/td><td class=\"has-text-align-left\" data-align=\"left\">Davi<\/td><\/tr><tr><td>11\/02<\/td><td class=\"has-text-align-left\" data-align=\"left\">14h \u00e0s 16h<\/td><td class=\"has-text-align-left\" data-align=\"left\">Matem\u00e1tica<\/td><td class=\"has-text-align-left\" data-align=\"left\">Paulo Pereira<\/td><\/tr><tr><td>11\/02<\/td><td class=\"has-text-align-left\" data-align=\"left\">16h15 \u00e0s 17h30<\/td><td class=\"has-text-align-left\" data-align=\"left\"><span id=\"urn:enhancement-5d5362d3-5f7f-4917-bcfe-65fa67a99c42\" class=\"textannotation disambiguated wl-thing\" itemid=\"https:\/\/data.wordlift.io\/wl110246\/entity\/redacao\">Reda\u00e7\u00e3o<\/span><\/td><td class=\"has-text-align-left\" data-align=\"left\">Marina<\/td><\/tr><tr><td>11\/02<\/td><td class=\"has-text-align-left\" data-align=\"left\">19h \u00e0s 22h30<\/td><td class=\"has-text-align-left\" data-align=\"left\">Portugu\u00eas<\/td><td class=\"has-text-align-left\" data-align=\"left\">Janaina<\/td><\/tr><tr><td>12\/02<\/td><td class=\"has-text-align-left\" data-align=\"left\">8h30 \u00e0s 12h<\/td><td class=\"has-text-align-left\" data-align=\"left\">Ingl\u00eas<\/td><td class=\"has-text-align-left\" data-align=\"left\">Leonardo Pontes<\/td><\/tr><tr><td>12\/02<\/td><td class=\"has-text-align-left\" data-align=\"left\">8h30 \u00e0s 12h<\/td><td class=\"has-text-align-left\" data-align=\"left\">Matem\u00e1tica<\/td><td class=\"has-text-align-left\" data-align=\"left\">Victor So<\/td><\/tr><tr><td>12\/02<\/td><td class=\"has-text-align-left\" data-align=\"left\">19h \u00e0s 22h30<\/td><td class=\"has-text-align-left\" data-align=\"left\">Hist\u00f3ria<\/td><td class=\"has-text-align-left\" data-align=\"left\">Marco<\/td><\/tr><tr><td>13\/02<\/td><td class=\"has-text-align-left\" data-align=\"left\">8h30 \u00e0s 12h<\/td><td class=\"has-text-align-left\" data-align=\"left\">Portugu\u00eas<\/td><td class=\"has-text-align-left\" data-align=\"left\">Fabiola<\/td><\/tr><tr><td>13\/02<\/td><td class=\"has-text-align-left\" data-align=\"left\">14h \u00e0s 17h30<\/td><td class=\"has-text-align-left\" data-align=\"left\">Portugu\u00eas<\/td><td class=\"has-text-align-left\" data-align=\"left\">Fabiola<\/td><\/tr><\/tbody><\/table><\/figure>\n\n\n\n<h2 class=\"wp-block-heading\" id=\"h-como-participar\"><span class=\"ez-toc-section\" id=\"Como-participar\"><\/span><strong>Como participar?<\/strong><span class=\"ez-toc-section-end\"><\/span><\/h2>\n\n\n\n<p class=\"wp-block-paragraph\">Basta entrar no nosso<a  href=\"https:\/\/www.youtube.com\/c\/Estrat%C3%A9giaMilitar\" target=\"_blank\"> canal do YouTube<\/a>, se inscrever, ativar o sininho &#8211; para que voc\u00ea seja lembrado de cada aula.<\/p>\n\n\n\n<h2 class=\"wp-block-heading\" id=\"h-por-que-participar\"><span class=\"ez-toc-section\" id=\"Por-que-participar\"><\/span><strong>Por que participar?<\/strong><span class=\"ez-toc-section-end\"><\/span><\/h2>\n\n\n\n<p class=\"wp-block-paragraph\">Al\u00e9m de ter acesso a conte\u00fados completos, atualizados e gratuitos, voc\u00ea poder\u00e1 colocar em pr\u00e1tica tudo que aprendeu nas aulas por meio de exerc\u00edcios baseados nos editais atuais da ESA, <span id=\"urn:enhancement-c899ce3d-7841-419a-843e-1739a070daf8\" class=\"textannotation disambiguated wl-organization\" itemid=\"https:\/\/data.wordlift.io\/wl110246\/entity\/escola_de_especialistas_de_aeronautica_eear\">EEAR<\/span>, <span id=\"urn:enhancement-fb5550aa-9a57-4ef6-82ee-1db320e43da1\" class=\"textannotation disambiguated wl-thing\" itemid=\"https:\/\/data.wordlift.io\/wl110246\/entity\/espcex\">EsPCEx<\/span>, CN e <span id=\"urn:enhancement-da816811-ec20-41c5-8ac4-f417db15f4f7\" class=\"textannotation disambiguated wl-organization\" itemid=\"https:\/\/data.wordlift.io\/wl110246\/entity\/escola_preparatoria_de_cadetes_do_ar\">EPCAR<\/span>. J\u00e1 imaginou tudo isso disponibilizado de forma gratuita e muito mais? N\u00e3o fique de fora guerreiro!<\/p>\n\n\n\n<h3 class=\"wp-block-heading\" id=\"h-sobre-a-esa\"><strong>Sobre a ESA<\/strong><\/h3>\n\n\n\n<p class=\"wp-block-paragraph\">A <strong>Escola de Sargentos das Armas (ESA)<\/strong> oferece Ensino de N\u00edvel Superior Tecn\u00f3logo do <span id=\"urn:enhancement-20aabbe7-968c-4340-a639-bbc2248b2a24\" class=\"textannotation disambiguated wl-organization\" itemid=\"https:\/\/data.wordlift.io\/wl110246\/entity\/exercito_brasileiro_eb\">Ex\u00e9rcito Brasileiro<\/span>, com o objetivo de formar e graduar <span id=\"urn:enhancement-ed7abf99-b6ca-4cf4-9ac0-d8b5098e8135\" class=\"textannotation disambiguated wl-thing\" itemid=\"https:\/\/data.wordlift.io\/wl110246\/entity\/sargento\">Sargentos<\/span> Combatentes de Carreira das Armas (CFGS). A ESA localiza-se em Tr\u00eas Cora\u00e7\u00f5es, no <span id=\"urn:enhancement-06fb2c95-241a-4ece-8659-03c43765a231\" class=\"textannotation disambiguated wl-thing\" itemid=\"https:\/\/data.wordlift.io\/wl110246\/entity\/estados_fisicos\">estado<\/span> de Minas Gerais.<\/p>\n\n\n\n<p class=\"wp-block-paragraph\">O Concurso ESA oferece vagas para homens e mulheres todos os anos. No curso de forma\u00e7\u00e3o da ESA, o aluno ter\u00e1 um per\u00edodo b\u00e1sico de prepara\u00e7\u00e3o de 43 semanas, al\u00e9m do per\u00edodo de qualifica\u00e7\u00e3o, separado de acordo com as \u00e1reas espec\u00edficas de <span id=\"urn:enhancement-05b1e42b-27e0-4a3e-a11c-958db61c7688\" class=\"textannotation disambiguated wl-thing\" itemid=\"https:\/\/data.wordlift.io\/wl110246\/entity\/infantaria\">Infantaria<\/span>, <span id=\"urn:enhancement-be3772dd-4297-4b92-8037-21c92861ff91\" class=\"textannotation disambiguated wl-thing\" itemid=\"https:\/\/data.wordlift.io\/wl110246\/entity\/cavalaria\">Cavalaria<\/span>, Artilharia, Engenharia e Comunica\u00e7\u00f5es.<\/p>\n\n\n\n<p class=\"wp-block-paragraph\">Quer testar os seus conhecimentos al\u00e9m dos exerc\u00edcios durante \u00e0s aulas? No dia 14 de fevereiro, foi realizado a segunda edi\u00e7\u00e3o do simulado gratuito da ESA, sendo aberto para todos que desejam participar. <\/p>\n\n\n\n<div class=\"wp-block-buttons is-horizontal is-content-justification-center is-layout-flex wp-container-core-buttons-is-layout-7d812b4c wp-block-buttons-is-layout-flex\">\n<div class=\"wp-block-button is-style-outline is-style-outline--2\"><a class=\"wp-block-button__link has-black-color has-electric-grass-gradient-background has-text-color has-background wp-element-button\" href=\"https:\/\/militares.estrategia.com\/portal\/simulados\/simulado-esa\/\" style=\"border-radius:50px\" target=\"_blank\" >simulado esa<\/a><\/div>\n<\/div>\n\n\n\n<p class=\"wp-block-paragraph\">Quer saber as principais informa\u00e7\u00f5es do edital da ESA sobre requisitos, vagas, edi\u00e7\u00f5es anteriores, e muito mais? Clique<a href=\"https:\/\/militares.estrategia.com\/portal\/guias\/exercito\/concurso-esa\/\" target=\"_blank\" > aqui<\/a>!<\/p>\n\n\n\n<div class=\"wp-block-buttons is-horizontal is-content-justification-center is-layout-flex wp-container-core-buttons-is-layout-7d812b4c wp-block-buttons-is-layout-flex\">\n<div class=\"wp-block-button is-style-outline is-style-outline--3\"><a class=\"wp-block-button__link has-black-color has-electric-grass-gradient-background has-text-color has-background wp-element-button\" href=\"https:\/\/www.estrategiamilitares.com.br\/pacotes\/pacote-completo-para-esa-2022\/\" style=\"border-radius:50px\" target=\"_blank\" >pacote esa 2021<\/a><\/div>\n<\/div>\n\n\n\n<h3 class=\"wp-block-heading\" id=\"h-sobre-a-eear\"><strong>Sobre a EEAR<\/strong><\/h3>\n\n\n\n<p class=\"wp-block-paragraph\"><strong>A Escola de Especialistas da <span id=\"urn:enhancement-dad5c363-a3b9-4bfb-a5ab-bd4aad040d06\" class=\"textannotation disambiguated wl-organization\" itemid=\"https:\/\/data.wordlift.io\/wl110246\/entity\/comando_da_aeronautica_comaer\">Aeron\u00e1utica<\/span> (<span id=\"urn:enhancement-c07af0bf-b042-495d-a980-0400d80bdf5b\" class=\"textannotation disambiguated wl-organization\" itemid=\"https:\/\/data.wordlift.io\/wl110246\/entity\/escola_de_especialistas_de_aeronautica_eear\">EEAR<\/span>)<\/strong> visa formar os <span id=\"urn:enhancement-e21e00f1-5d6f-41de-a87f-5630872a08d1\" class=\"textannotation disambiguated wl-thing\" itemid=\"https:\/\/data.wordlift.io\/wl110246\/entity\/sargento\">Sargentos<\/span> graduados da <span id=\"urn:enhancement-297426c3-0d35-4226-b041-c40bcfd31458\" class=\"textannotation disambiguated wl-organization\" itemid=\"https:\/\/data.wordlift.io\/wl110246\/entity\/comando_da_aeronautica_comaer\">Aeron\u00e1utica<\/span>. A <span id=\"urn:enhancement-463cd18d-2294-4914-a057-640966f10eda\" class=\"textannotation disambiguated wl-organization\" itemid=\"https:\/\/data.wordlift.io\/wl110246\/entity\/escola_de_especialistas_de_aeronautica_eear\">EEAR<\/span> se localiza no interior de S\u00e3o Paulo, em Guaratinguet\u00e1.<\/p>\n\n\n\n<p class=\"wp-block-paragraph\">Diferente de outros concursos militares, a <span id=\"urn:enhancement-f7e226f1-9738-4aea-9ce3-1e3b57a9ed15\" class=\"textannotation disambiguated wl-organization\" itemid=\"https:\/\/data.wordlift.io\/wl110246\/entity\/escola_de_especialistas_de_aeronautica_eear\">EEAR<\/span> tem duas edi\u00e7\u00f5es ao ano e oferece vagas tanto para homens quanto para mulheres. Seu curso de forma\u00e7\u00e3o tem a dura\u00e7\u00e3o de 2 anos, em regime de internato. O aluno graduado \u00e9 denominado Terceiro <span id=\"urn:enhancement-7b7d3c8f-efbd-4084-8a7a-ee07fbb06e9d\" class=\"textannotation disambiguated wl-thing\" itemid=\"https:\/\/data.wordlift.io\/wl110246\/entity\/sargento\">Sargento<\/span>, podendo receber um soldo R$ 4.896,00.<\/p>\n\n\n\n<p class=\"wp-block-paragraph\">Quer testar os seus conhecimentos al\u00e9m dos exerc\u00edcios durante \u00e0s aulas? No dia 14 de fevereiro, foi realizado a segunda edi\u00e7\u00e3o do simulado gratuito da <span id=\"urn:enhancement-ad396fa5-2716-4b8b-aebd-10603eb825c9\" class=\"textannotation disambiguated wl-organization\" itemid=\"https:\/\/data.wordlift.io\/wl110246\/entity\/escola_de_especialistas_de_aeronautica_eear\">EEAR<\/span>, aberto para todos. <\/p>\n\n\n\n<div class=\"wp-block-buttons is-horizontal is-content-justification-center is-layout-flex wp-container-core-buttons-is-layout-7d812b4c wp-block-buttons-is-layout-flex\">\n<div class=\"wp-block-button is-style-outline is-style-outline--4\"><a class=\"wp-block-button__link has-black-color has-electric-grass-gradient-background has-text-color has-background wp-element-button\" href=\"https:\/\/militares.estrategia.com\/portal\/simulados\/simulado-eear\/\" style=\"border-radius:50px\" target=\"_blank\" >simulado eear 2021.2<\/a><\/div>\n<\/div>\n\n\n\n<p class=\"wp-block-paragraph\">Quer saber as principais informa\u00e7\u00f5es do edital da <span id=\"urn:enhancement-b8744972-da87-4d9d-a071-0304b9ae9683\" class=\"textannotation disambiguated wl-organization\" itemid=\"https:\/\/data.wordlift.io\/wl110246\/entity\/escola_de_especialistas_de_aeronautica_eear\">EEAR<\/span> sobre requisitos, vagas, edi\u00e7\u00f5es anteriores, e muito mais? Clique<a  href=\"https:\/\/militares.estrategia.com\/portal\/guias\/aeronautica\/concurso-eear\/\" target=\"_blank\"> aqui<\/a>!<\/p>\n\n\n\n<div class=\"wp-block-buttons is-horizontal is-content-justification-center is-layout-flex wp-container-core-buttons-is-layout-7d812b4c wp-block-buttons-is-layout-flex\">\n<div class=\"wp-block-button is-style-outline is-style-outline--5\"><a class=\"wp-block-button__link has-black-color has-electric-grass-gradient-background has-text-color has-background wp-element-button\" href=\"https:\/\/www.estrategiamilitares.com.br\/pacotes\/pacote-completo-para-eear-20221\/\" style=\"border-radius:50px\" target=\"_blank\" >pacote eear 2021.2<\/a><\/div>\n<\/div>\n\n\n\n<h2 class=\"wp-block-heading\" id=\"h-sobre-a-espcex\"><span class=\"ez-toc-section\" id=\"Sobre-a-EsPCEx\"><\/span>Sobre a EsPCEx<span class=\"ez-toc-section-end\"><\/span><\/h2>\n\n\n\n<p class=\"wp-block-paragraph\"><strong>A <span id=\"urn:enhancement-5121cb17-95aa-407a-bfd0-8b9433621151\" class=\"textannotation disambiguated wl-thing\" itemid=\"https:\/\/data.wordlift.io\/wl110246\/entity\/espcex-2\">Escola Preparat\u00f3ria de Cadetes<\/span> do Ex\u00e9rcito (<span id=\"urn:enhancement-e931f906-1442-4ccf-b444-517852f7e403\" class=\"textannotation disambiguated wl-thing\" itemid=\"https:\/\/data.wordlift.io\/wl110246\/entity\/espcex\">EsPCEx<\/span>)<\/strong> \u00e9 uma institui\u00e7\u00e3o localizada Campinas que prepara jovens que sonham em ser Oficiais do <span id=\"urn:enhancement-04845597-265d-4a99-84d1-7c842ace3d2a\" class=\"textannotation disambiguated wl-organization\" itemid=\"https:\/\/data.wordlift.io\/wl110246\/entity\/exercito_brasileiro_eb\">Ex\u00e9rcito Brasileiro<\/span>.<\/p>\n\n\n\n<p class=\"wp-block-paragraph\">O concurso <span id=\"urn:enhancement-1e1a05c1-907b-4ada-9e68-4bd2a215e014\" class=\"textannotation disambiguated wl-thing\" itemid=\"https:\/\/data.wordlift.io\/wl110246\/entity\/espcex\">EsPCEx<\/span> oferece vagas para homens e mulheres todos os anos. Durante a gradua\u00e7\u00e3o, o aluno aprender\u00e1 princ\u00edpios militares no seu primeiro ano na <span id=\"urn:enhancement-4da72b4a-eb00-45a9-b4b2-8db22efc471e\" class=\"textannotation disambiguated wl-thing\" itemid=\"https:\/\/data.wordlift.io\/wl110246\/entity\/espcex\">EsPCEx<\/span>. Nos pr\u00f3ximos quatro anos, os alunos frequentar\u00e3o a Academia das Agulhas Negras (<span id=\"urn:enhancement-3dfb556b-388d-4ea1-ad9b-5b49f0df19af\" class=\"textannotation disambiguated wl-organization\" itemid=\"https:\/\/data.wordlift.io\/wl110246\/entity\/academia_militar_das_agulhas_negras_aman\">AMAN<\/span>). A remunera\u00e7\u00e3o do <span id=\"urn:enhancement-e4d46b42-a6bc-4407-a2e5-7c7f1f54c996\" class=\"textannotation disambiguated wl-thing\" itemid=\"https:\/\/data.wordlift.io\/wl110246\/entity\/aspirante_a_oficial\">Aspirante a Oficial<\/span> do <span id=\"urn:enhancement-a1efaaf0-b978-4f53-85b9-637065617567\" class=\"textannotation disambiguated wl-organization\" itemid=\"https:\/\/data.wordlift.io\/wl110246\/entity\/exercito_brasileiro_eb\">Ex\u00e9rcito Brasileiro<\/span> pode chegar a <strong>R$ 6.993,00<\/strong>.<\/p>\n\n\n\n<p class=\"wp-block-paragraph\">Quer testar os seus conhecimentos al\u00e9m dos exerc\u00edcios durante \u00e0s aulas? Nos dias 20 e 21 de fevereiro, ser\u00e1 realizado a segunda edi\u00e7\u00e3o do simulado gratuito da <span id=\"urn:enhancement-1ead1aa3-97cd-4100-83c1-81805bf5310f\" class=\"textannotation disambiguated wl-thing\" itemid=\"https:\/\/data.wordlift.io\/wl110246\/entity\/espcex\">EsPCEx<\/span>, aberto para todos. Em breve ser\u00e3o divulgadas mais informa\u00e7\u00f5es sobre os <span id=\"urn:enhancement-60024333-3e53-49a4-b069-334281a7022a\" class=\"textannotation disambiguated wl-thing\" itemid=\"https:\/\/data.wordlift.io\/wl110246\/entity\/fuso-horario\">hor\u00e1rios<\/span> do simulado.<\/p>\n\n\n\n<div class=\"wp-block-buttons is-horizontal is-content-justification-center is-layout-flex wp-container-core-buttons-is-layout-7d812b4c wp-block-buttons-is-layout-flex\">\n<div class=\"wp-block-button is-style-outline is-style-outline--6\"><a class=\"wp-block-button__link has-black-color has-electric-grass-gradient-background has-text-color has-background wp-element-button\" href=\"https:\/\/militares.estrategia.com\/portal\/simulados\/simulado-espcex\/\" style=\"border-radius:50px\" target=\"_blank\" >simulado Espcex<\/a><\/div>\n<\/div>\n\n\n\n<p class=\"wp-block-paragraph\">Quer sabe mais sobre como entrar, quais as principais informa\u00e7\u00f5es do edital do concurso <span id=\"urn:enhancement-aa0d4d16-5a99-480c-8185-7ef08e2b100a\" class=\"textannotation disambiguated wl-thing\" itemid=\"https:\/\/data.wordlift.io\/wl110246\/entity\/espcex\">EsPCEx<\/span>, requisitos b\u00e1sicos, vagas e muito mais? <a href=\"https:\/\/militares.estrategia.com\/portal\/guias\/exercito\/concurso-espcex\/\" target=\"_blank\" >Clique aqui <\/a><\/p>\n\n\n\n<div class=\"wp-block-buttons is-horizontal is-content-justification-center is-layout-flex wp-container-core-buttons-is-layout-7d812b4c wp-block-buttons-is-layout-flex\">\n<div class=\"wp-block-button is-style-outline is-style-outline--7\"><a class=\"wp-block-button__link has-black-color has-electric-grass-gradient-background has-text-color has-background wp-element-button\" href=\"https:\/\/www.estrategiamilitares.com.br\/pacotes\/pacote-completo-para-espcex-2022\/\" style=\"border-radius:50px\" target=\"_blank\" >pacote espcex<\/a><\/div>\n<\/div>\n\n\n\n<h2 class=\"wp-block-heading\" id=\"h-sobre-o-cn\"><span class=\"ez-toc-section\" id=\"Sobre-o-CN\"><\/span>Sobre o CN<span class=\"ez-toc-section-end\"><\/span><\/h2>\n\n\n\n<p class=\"wp-block-paragraph\">O <a href=\"https:\/\/militares.estrategia.com\/portal\/guias\/marinha\/concurso-colegio-naval\/\" target=\"_blank\" >Col\u00e9gio Naval<\/a>&nbsp;<strong>equivale ao Ensino M\u00e9dio<\/strong>&nbsp;regular e tem como objetivo preparar os jovens para compor o&nbsp;<strong>Corpo de Aspirantes da <span id=\"urn:enhancement-5f7015b2-3772-4d5e-898e-56de2ad97c9d\" class=\"textannotation disambiguated wl-organization\" itemid=\"https:\/\/data.wordlift.io\/wl110246\/entity\/escola_naval\">Escola Naval<\/span><\/strong>, institui\u00e7\u00e3o de ensino superior da Marinha do Brasil localizada em Angra dos Reis (RJ).<\/p>\n\n\n\n<p class=\"wp-block-paragraph\">Em 2022 o Col\u00e9gio Naval aceitar\u00e1 o ingresso de mulheres, a decis\u00e3o foi tomada por conta de uma ordem judicial, por\u00e9m ainda n\u00e3o h\u00e1 novas informa\u00e7\u00f5es sobre como o ingresso de candidatas ser\u00e1 feito. Caso a institui\u00e7\u00e3o n\u00e3o cumpra a determina\u00e7\u00e3o, pode ser obrigada a pagar uma multa. Os que alunos que ingressarem no Col\u00e9gio Naval&nbsp;<strong>receberam um soldo militar<\/strong>&nbsp;de R$1.185,00, mas esse valor pode chegar at\u00e9&nbsp;<strong>R$1.398,30<\/strong>.<\/p>\n\n\n\n<p class=\"wp-block-paragraph\">Quer testar os seus conhecimentos al\u00e9m dos exerc\u00edcios durante \u00e0s aulas? Nos dias 27 e 28 de fevereiro, ser\u00e1 realizado a segunda edi\u00e7\u00e3o do simulado gratuito do CN, aberto para todos.<\/p>\n\n\n\n<div class=\"wp-block-buttons is-horizontal is-content-justification-center is-layout-flex wp-container-core-buttons-is-layout-7d812b4c wp-block-buttons-is-layout-flex\">\n<div class=\"wp-block-button is-style-outline is-style-outline--8\"><a class=\"wp-block-button__link has-black-color has-electric-grass-gradient-background has-text-color has-background wp-element-button\" href=\"https:\/\/www.estrategiamilitares.com.br\/cursos\/simulados-cn-2022\/inscrever\" style=\"border-radius:50px\" target=\"_blank\" >simulado cn<\/a><\/div>\n<\/div>\n\n\n\n<p class=\"wp-block-paragraph\">Quer saber as principais informa\u00e7\u00f5es do edital do CN sobre requisitos, vagas, edi\u00e7\u00f5es anteriores, e muito mais? Clique<a href=\"https:\/\/militares.estrategia.com\/portal\/guias\/marinha\/concurso-colegio-naval\/\" target=\"_blank\" > aqui<\/a>!<\/p>\n\n\n\n<div class=\"wp-block-buttons is-horizontal is-content-justification-center is-layout-flex wp-container-core-buttons-is-layout-7d812b4c wp-block-buttons-is-layout-flex\">\n<div class=\"wp-block-button is-style-outline is-style-outline--9\"><a class=\"wp-block-button__link has-black-color has-electric-grass-gradient-background has-text-color has-background wp-element-button\" href=\"https:\/\/www.estrategiamilitares.com.br\/pacotes\/pacote-completo-para-colegio-naval-2022\/\" style=\"border-radius:50px\" target=\"_blank\" >pacote cn<\/a><\/div>\n<\/div>\n\n\n\n<h2 class=\"wp-block-heading\" id=\"h-sobre-a-epcar\"><span class=\"ez-toc-section\" id=\"Sobre-a-EPCAR\"><\/span>Sobre a EPCAR<span class=\"ez-toc-section-end\"><\/span><\/h2>\n\n\n\n<p class=\"wp-block-paragraph\">A&nbsp;<strong><span id=\"urn:enhancement-e6005be7-9969-4ce2-8426-4411b88c2e6e\" class=\"textannotation disambiguated wl-organization\" itemid=\"https:\/\/data.wordlift.io\/wl110246\/entity\/escola_preparatoria_de_cadetes_do_ar\">Escola Preparat\u00f3ria de Cadetes do Ar (Epcar<\/span>)<\/strong>, sediada em Barbacena (MG), equivale ao ensino m\u00e9dio regular e&nbsp; prepara o futuro cadete aviador da&nbsp;<strong><span id=\"urn:enhancement-58fc205c-73e3-4bae-b31f-e22f7610f057\" class=\"textannotation disambiguated wl-thing\" itemid=\"https:\/\/data.wordlift.io\/wl110246\/entity\/forca_aerea_brasileira_fab\">For\u00e7a A\u00e9rea Brasileira (FAB<\/span>)<\/strong>. <\/p>\n\n\n\n<p class=\"wp-block-paragraph\">No \u00faltimo ano foram disponibilizadas&nbsp;<strong>160 vagas para os candidatos do sexo masculino<\/strong>, sendo destinada 32 vagas para negros e,&nbsp;<strong>20 vagas para as candidatas do sexo feminino<\/strong>, sendo 4 vagas para negras. Os alunos que ingressam no Curso de Preparat\u00f3rio de Cadetes do Ar recebem uma remunera\u00e7\u00e3o de&nbsp;<strong>R$1.044,00 durante os dois primeiros anos, e R$1.066,00 no \u00faltimo ano de gradua\u00e7\u00e3o.<\/strong><\/p>\n\n\n\n<p class=\"wp-block-paragraph\">Quer testar os seus conhecimentos al\u00e9m dos exerc\u00edcios durante \u00e0s aulas? No dia 17 janeiro, foi realizado a <span id=\"urn:enhancement-38fa31c7-321f-4130-ba68-273936cf95a8\" class=\"textannotation disambiguated wl-event\" itemid=\"https:\/\/data.wordlift.io\/wl110246\/entity\/primeira-guerra-mundial\">primeira<\/span> edi\u00e7\u00e3o do simulado gratuito da <span id=\"urn:enhancement-cce7d4e7-aba4-48ea-bca3-3c3725604cb5\" class=\"textannotation disambiguated wl-organization\" itemid=\"https:\/\/data.wordlift.io\/wl110246\/entity\/escola_preparatoria_de_cadetes_do_ar\">EPCAR<\/span>, aberto para todos.<\/p>\n\n\n\n<div class=\"wp-block-buttons is-horizontal is-content-justification-center is-layout-flex wp-container-core-buttons-is-layout-7d812b4c wp-block-buttons-is-layout-flex\">\n<div class=\"wp-block-button is-style-outline is-style-outline--10\"><a class=\"wp-block-button__link has-black-color has-electric-grass-gradient-background has-text-color has-background wp-element-button\" href=\"https:\/\/www.estrategiamilitares.com.br\/materia\/simulados\/simulados-epcar-2022\/\" style=\"border-radius:50px\" target=\"_blank\" >simulado epcar<\/a><\/div>\n<\/div>\n\n\n\n<p class=\"wp-block-paragraph\">Quer saber as principais informa\u00e7\u00f5es do edital do <span id=\"urn:enhancement-bfd1fae2-c9b3-4433-9fda-e17127459c03\" class=\"textannotation disambiguated wl-organization\" itemid=\"https:\/\/data.wordlift.io\/wl110246\/entity\/escola_preparatoria_de_cadetes_do_ar\">EPCAR<\/span> sobre requisitos, vagas, edi\u00e7\u00f5es anteriores, e muito mais? Clique<a  href=\"https:\/\/militares.estrategia.com\/portal\/guias\/marinha\/concurso-colegio-naval\/\" target=\"_blank\"> <\/a><a href=\"https:\/\/militares.estrategia.com\/portal\/guias\/aeronautica\/concurso-epcar\/\" target=\"_blank\" >aqui<\/a>!<\/p>\n\n\n\n<div class=\"wp-block-buttons is-horizontal is-content-justification-center is-layout-flex wp-container-core-buttons-is-layout-7d812b4c wp-block-buttons-is-layout-flex\">\n<div class=\"wp-block-button is-style-outline is-style-outline--11\"><a class=\"wp-block-button__link has-black-color has-electric-grass-gradient-background has-text-color has-background wp-element-button\" href=\"https:\/\/www.estrategiamilitares.com.br\/pacotes\/pacote-completo-para-epcar-2022\/\" style=\"border-radius:50px\" target=\"_blank\" >pacote EPCAR <\/a><\/div>\n<\/div>\n\n\n\n<p class=\"wp-block-paragraph\">Por: Gabriel Cury<\/p>\n\n\n\n<p class=\"wp-block-paragraph\"><\/p>\n\n\n\n\n\n<p class=\"wp-block-paragraph\"><\/p>\n\n\n","protected":false},"excerpt":{"rendered":"Concurseiros de plant\u00e3o que est\u00e3o se preparando para ESA, EEAR, EsPCEx, CN e EPCAR, o Estrat\u00e9gia Militares realizar\u00e1&hellip;\n","protected":false},"author":11,"featured_media":55754,"comment_status":"closed","ping_status":"open","sticky":false,"template":"","format":"standard","meta":{"footnotes":""},"categories":[246],"tags":[],"class_list":["post-39157","post","type-post","status-publish","format-standard","has-post-thumbnail","category-pre-prova"],"acf":[],"yoast_head":"<!-- This site is optimized with the Yoast SEO Premium plugin v26.6 (Yoast SEO v26.6) - https:\/\/yoast.com\/wordpress\/plugins\/seo\/ -->\n<title>S.O.S Sargento ESA\/EEAR\/EsPCEx: Semana Especial de aulas gratuitas<\/title>\n<meta name=\"description\" content=\"A Semana Especial dar\u00e1 dicas de estudo para ESA, EEAR e EsPCEx. As aulas acontecer\u00e3o entre os dias 8 e 21 de fevereiro. Confira!\" \/>\n<meta name=\"robots\" content=\"index, follow, max-snippet:-1, max-image-preview:large, max-video-preview:-1\" \/>\n<link rel=\"canonical\" href=\"https:\/\/militares.estrategia.com\/portal\/eventos\/pre-prova\/semana-especial\/\" \/>\n<meta property=\"og:locale\" content=\"pt_BR\" \/>\n<meta property=\"og:type\" content=\"article\" \/>\n<meta property=\"og:title\" content=\"Semana Especial: S.O.S Sargento ESA, EEAR, EsPCEx e CN\/EPCAR\" \/>\n<meta property=\"og:description\" content=\"A Semana Especial dar\u00e1 dicas de estudo para ESA, EEAR e EsPCEx. As aulas acontecer\u00e3o entre os dias 8 e 21 de fevereiro. Confira!\" \/>\n<meta property=\"og:url\" content=\"https:\/\/militares.estrategia.com\/portal\/eventos\/pre-prova\/semana-especial\/\" \/>\n<meta property=\"og:site_name\" content=\"Estrat\u00e9gia Militares\" \/>\n<meta property=\"article:publisher\" content=\"https:\/\/www.facebook.com\/EstrategiaMilitares\" \/>\n<meta property=\"article:published_time\" content=\"2020-06-05T17:20:57+00:00\" \/>\n<meta property=\"article:modified_time\" content=\"2023-07-25T18:07:59+00:00\" \/>\n<meta property=\"og:image\" content=\"https:\/\/cdn.blog.estrategiavestibulares.com.br\/vestibulares\/wp-content\/uploads\/2022\/01\/avel-chuklanov-DUmFLtMeAbQ-unsplash.jpg\" \/>\n\t<meta property=\"og:image:width\" content=\"1920\" \/>\n\t<meta property=\"og:image:height\" content=\"1280\" \/>\n\t<meta property=\"og:image:type\" content=\"image\/jpeg\" \/>\n<meta name=\"author\" content=\"Estrat\u00e9gia Militares\" \/>\n<meta name=\"twitter:card\" content=\"summary_large_image\" \/>\n<meta name=\"twitter:creator\" content=\"@estrategiamilit\" \/>\n<meta name=\"twitter:site\" content=\"@estrategiamilit\" \/>\n<meta name=\"twitter:label1\" content=\"Escrito por\" \/>\n\t<meta name=\"twitter:data1\" content=\"Estrat\u00e9gia Militares\" \/>\n\t<meta name=\"twitter:label2\" content=\"Est. tempo de leitura\" \/>\n\t<meta name=\"twitter:data2\" content=\"9 minutos\" \/>\n<script type=\"application\/ld+json\" class=\"yoast-schema-graph\">{\"@context\":\"https:\/\/schema.org\",\"@graph\":[{\"@type\":\"Article\",\"@id\":\"https:\/\/militares.estrategia.com\/portal\/eventos\/pre-prova\/semana-especial\/#article\",\"isPartOf\":{\"@id\":\"https:\/\/militares.estrategia.com\/portal\/eventos\/pre-prova\/semana-especial\/\"},\"author\":{\"name\":\"Estrat\u00e9gia Militares\",\"@id\":\"https:\/\/militares.estrategia.com\/portal\/#\/schema\/person\/896181038f5542906e5db6f7db222d7c\"},\"headline\":\"Semana Especial: S.O.S Sargento ESA, EEAR, EsPCEx e CN\/EPCAR\",\"datePublished\":\"2020-06-05T17:20:57+00:00\",\"dateModified\":\"2023-07-25T18:07:59+00:00\",\"mainEntityOfPage\":{\"@id\":\"https:\/\/militares.estrategia.com\/portal\/eventos\/pre-prova\/semana-especial\/\"},\"wordCount\":1616,\"publisher\":{\"@id\":\"https:\/\/militares.estrategia.com\/portal\/#organization\"},\"image\":{\"@id\":\"https:\/\/militares.estrategia.com\/portal\/eventos\/pre-prova\/semana-especial\/#primaryimage\"},\"thumbnailUrl\":\"https:\/\/militares.estrategia.com\/portal\/wp-content\/uploads\/2022\/01\/avel-chuklanov-DUmFLtMeAbQ-unsplash.jpg\",\"articleSection\":[\"Pr\u00e9-Prova\"],\"inLanguage\":\"pt-BR\"},{\"@type\":\"WebPage\",\"@id\":\"https:\/\/militares.estrategia.com\/portal\/eventos\/pre-prova\/semana-especial\/\",\"url\":\"https:\/\/militares.estrategia.com\/portal\/eventos\/pre-prova\/semana-especial\/\",\"name\":\"S.O.S Sargento ESA\/EEAR\/EsPCEx: Semana Especial de aulas gratuitas\",\"isPartOf\":{\"@id\":\"https:\/\/militares.estrategia.com\/portal\/#website\"},\"primaryImageOfPage\":{\"@id\":\"https:\/\/militares.estrategia.com\/portal\/eventos\/pre-prova\/semana-especial\/#primaryimage\"},\"image\":{\"@id\":\"https:\/\/militares.estrategia.com\/portal\/eventos\/pre-prova\/semana-especial\/#primaryimage\"},\"thumbnailUrl\":\"https:\/\/militares.estrategia.com\/portal\/wp-content\/uploads\/2022\/01\/avel-chuklanov-DUmFLtMeAbQ-unsplash.jpg\",\"datePublished\":\"2020-06-05T17:20:57+00:00\",\"dateModified\":\"2023-07-25T18:07:59+00:00\",\"description\":\"A Semana Especial dar\u00e1 dicas de estudo para ESA, EEAR e EsPCEx. As aulas acontecer\u00e3o entre os dias 8 e 21 de fevereiro. Confira!\",\"breadcrumb\":{\"@id\":\"https:\/\/militares.estrategia.com\/portal\/eventos\/pre-prova\/semana-especial\/#breadcrumb\"},\"inLanguage\":\"pt-BR\",\"potentialAction\":[{\"@type\":\"ReadAction\",\"target\":[\"https:\/\/militares.estrategia.com\/portal\/eventos\/pre-prova\/semana-especial\/\"]}]},{\"@type\":\"ImageObject\",\"inLanguage\":\"pt-BR\",\"@id\":\"https:\/\/militares.estrategia.com\/portal\/eventos\/pre-prova\/semana-especial\/#primaryimage\",\"url\":\"https:\/\/militares.estrategia.com\/portal\/wp-content\/uploads\/2022\/01\/avel-chuklanov-DUmFLtMeAbQ-unsplash.jpg\",\"contentUrl\":\"https:\/\/militares.estrategia.com\/portal\/wp-content\/uploads\/2022\/01\/avel-chuklanov-DUmFLtMeAbQ-unsplash.jpg\",\"width\":1920,\"height\":1280,\"caption\":\"Pronomes Possessivos\"},{\"@type\":\"BreadcrumbList\",\"@id\":\"https:\/\/militares.estrategia.com\/portal\/eventos\/pre-prova\/semana-especial\/#breadcrumb\",\"itemListElement\":[{\"@type\":\"ListItem\",\"position\":1,\"name\":\"Home\",\"item\":\"https:\/\/militares.estrategia.com\/portal\/\"},{\"@type\":\"ListItem\",\"position\":2,\"name\":\"Eventos\",\"item\":\"https:\/\/militares.estrategia.com\/portal\/eventos\/\"},{\"@type\":\"ListItem\",\"position\":3,\"name\":\"Pr\u00e9-Prova\",\"item\":\"https:\/\/militares.estrategia.com\/portal\/eventos\/pre-prova\/\"},{\"@type\":\"ListItem\",\"position\":4,\"name\":\"Semana Especial: S.O.S Sargento ESA, EEAR, EsPCEx e CN\/EPCAR\"}]},{\"@type\":\"WebSite\",\"@id\":\"https:\/\/militares.estrategia.com\/portal\/#website\",\"url\":\"https:\/\/militares.estrategia.com\/portal\/\",\"name\":\"Estrat\u00e9gia Militares\",\"description\":\"\",\"publisher\":{\"@id\":\"https:\/\/militares.estrategia.com\/portal\/#organization\"},\"potentialAction\":[{\"@type\":\"SearchAction\",\"target\":{\"@type\":\"EntryPoint\",\"urlTemplate\":\"https:\/\/militares.estrategia.com\/portal\/?s={search_term_string}\"},\"query-input\":{\"@type\":\"PropertyValueSpecification\",\"valueRequired\":true,\"valueName\":\"search_term_string\"}}],\"inLanguage\":\"pt-BR\"},{\"@type\":\"Organization\",\"@id\":\"https:\/\/militares.estrategia.com\/portal\/#organization\",\"name\":\"Estrat\u00e9gia Militares\",\"url\":\"https:\/\/militares.estrategia.com\/portal\/\",\"logo\":{\"@type\":\"ImageObject\",\"inLanguage\":\"pt-BR\",\"@id\":\"https:\/\/militares.estrategia.com\/portal\/#\/schema\/logo\/image\/\",\"url\":\"https:\/\/militares.estrategia.com\/portal\/wp-content\/uploads\/2021\/10\/logo-militares.webp\",\"contentUrl\":\"https:\/\/militares.estrategia.com\/portal\/wp-content\/uploads\/2021\/10\/logo-militares.webp\",\"width\":346,\"height\":90,\"caption\":\"Estrat\u00e9gia Militares\"},\"image\":{\"@id\":\"https:\/\/militares.estrategia.com\/portal\/#\/schema\/logo\/image\/\"},\"sameAs\":[\"https:\/\/www.facebook.com\/EstrategiaMilitares\",\"https:\/\/x.com\/estrategiamilit\",\"https:\/\/www.instagram.com\/estrategiamilitares\/\",\"https:\/\/www.youtube.com\/channel\/UCRG_9hakCqXxnj_8TqCdgTA\"]},{\"@type\":\"Person\",\"@id\":\"https:\/\/militares.estrategia.com\/portal\/#\/schema\/person\/896181038f5542906e5db6f7db222d7c\",\"name\":\"Estrat\u00e9gia Militares\",\"image\":{\"@type\":\"ImageObject\",\"inLanguage\":\"pt-BR\",\"@id\":\"https:\/\/militares.estrategia.com\/portal\/#\/schema\/person\/image\/\",\"url\":\"https:\/\/militares.estrategia.com\/portal\/wp-content\/uploads\/2021\/10\/favicon-militares-150x150.webp\",\"contentUrl\":\"https:\/\/militares.estrategia.com\/portal\/wp-content\/uploads\/2021\/10\/favicon-militares-150x150.webp\",\"caption\":\"Estrat\u00e9gia Militares\"},\"url\":\"https:\/\/militares.estrategia.com\/portal\/author\/estrategia-militares\/\"}]}<\/script>\n<!-- \/ Yoast SEO Premium plugin. -->","yoast_head_json":{"title":"S.O.S Sargento ESA\/EEAR\/EsPCEx: Semana Especial de aulas gratuitas","description":"A Semana Especial dar\u00e1 dicas de estudo para ESA, EEAR e EsPCEx. As aulas acontecer\u00e3o entre os dias 8 e 21 de fevereiro. Confira!","robots":{"index":"index","follow":"follow","max-snippet":"max-snippet:-1","max-image-preview":"max-image-preview:large","max-video-preview":"max-video-preview:-1"},"canonical":"https:\/\/militares.estrategia.com\/portal\/eventos\/pre-prova\/semana-especial\/","og_locale":"pt_BR","og_type":"article","og_title":"Semana Especial: S.O.S Sargento ESA, EEAR, EsPCEx e CN\/EPCAR","og_description":"A Semana Especial dar\u00e1 dicas de estudo para ESA, EEAR e EsPCEx. As aulas acontecer\u00e3o entre os dias 8 e 21 de fevereiro. Confira!","og_url":"https:\/\/militares.estrategia.com\/portal\/eventos\/pre-prova\/semana-especial\/","og_site_name":"Estrat\u00e9gia Militares","article_publisher":"https:\/\/www.facebook.com\/EstrategiaMilitares","article_published_time":"2020-06-05T17:20:57+00:00","article_modified_time":"2023-07-25T18:07:59+00:00","og_image":[{"width":1920,"height":1280,"url":"https:\/\/cdn.blog.estrategiavestibulares.com.br\/vestibulares\/wp-content\/uploads\/2022\/01\/avel-chuklanov-DUmFLtMeAbQ-unsplash.jpg","type":"image\/jpeg"}],"author":"Estrat\u00e9gia Militares","twitter_card":"summary_large_image","twitter_creator":"@estrategiamilit","twitter_site":"@estrategiamilit","twitter_misc":{"Escrito por":"Estrat\u00e9gia Militares","Est. tempo de leitura":"9 minutos"},"schema":{"@context":"https:\/\/schema.org","@graph":[{"@type":"Article","@id":"https:\/\/militares.estrategia.com\/portal\/eventos\/pre-prova\/semana-especial\/#article","isPartOf":{"@id":"https:\/\/militares.estrategia.com\/portal\/eventos\/pre-prova\/semana-especial\/"},"author":{"name":"Estrat\u00e9gia Militares","@id":"https:\/\/militares.estrategia.com\/portal\/#\/schema\/person\/896181038f5542906e5db6f7db222d7c"},"headline":"Semana Especial: S.O.S Sargento ESA, EEAR, EsPCEx e CN\/EPCAR","datePublished":"2020-06-05T17:20:57+00:00","dateModified":"2023-07-25T18:07:59+00:00","mainEntityOfPage":{"@id":"https:\/\/militares.estrategia.com\/portal\/eventos\/pre-prova\/semana-especial\/"},"wordCount":1616,"publisher":{"@id":"https:\/\/militares.estrategia.com\/portal\/#organization"},"image":{"@id":"https:\/\/militares.estrategia.com\/portal\/eventos\/pre-prova\/semana-especial\/#primaryimage"},"thumbnailUrl":"https:\/\/militares.estrategia.com\/portal\/wp-content\/uploads\/2022\/01\/avel-chuklanov-DUmFLtMeAbQ-unsplash.jpg","articleSection":["Pr\u00e9-Prova"],"inLanguage":"pt-BR"},{"@type":"WebPage","@id":"https:\/\/militares.estrategia.com\/portal\/eventos\/pre-prova\/semana-especial\/","url":"https:\/\/militares.estrategia.com\/portal\/eventos\/pre-prova\/semana-especial\/","name":"S.O.S Sargento ESA\/EEAR\/EsPCEx: Semana Especial de aulas gratuitas","isPartOf":{"@id":"https:\/\/militares.estrategia.com\/portal\/#website"},"primaryImageOfPage":{"@id":"https:\/\/militares.estrategia.com\/portal\/eventos\/pre-prova\/semana-especial\/#primaryimage"},"image":{"@id":"https:\/\/militares.estrategia.com\/portal\/eventos\/pre-prova\/semana-especial\/#primaryimage"},"thumbnailUrl":"https:\/\/militares.estrategia.com\/portal\/wp-content\/uploads\/2022\/01\/avel-chuklanov-DUmFLtMeAbQ-unsplash.jpg","datePublished":"2020-06-05T17:20:57+00:00","dateModified":"2023-07-25T18:07:59+00:00","description":"A Semana Especial dar\u00e1 dicas de estudo para ESA, EEAR e EsPCEx. As aulas acontecer\u00e3o entre os dias 8 e 21 de fevereiro. Confira!","breadcrumb":{"@id":"https:\/\/militares.estrategia.com\/portal\/eventos\/pre-prova\/semana-especial\/#breadcrumb"},"inLanguage":"pt-BR","potentialAction":[{"@type":"ReadAction","target":["https:\/\/militares.estrategia.com\/portal\/eventos\/pre-prova\/semana-especial\/"]}]},{"@type":"ImageObject","inLanguage":"pt-BR","@id":"https:\/\/militares.estrategia.com\/portal\/eventos\/pre-prova\/semana-especial\/#primaryimage","url":"https:\/\/militares.estrategia.com\/portal\/wp-content\/uploads\/2022\/01\/avel-chuklanov-DUmFLtMeAbQ-unsplash.jpg","contentUrl":"https:\/\/militares.estrategia.com\/portal\/wp-content\/uploads\/2022\/01\/avel-chuklanov-DUmFLtMeAbQ-unsplash.jpg","width":1920,"height":1280,"caption":"Pronomes Possessivos"},{"@type":"BreadcrumbList","@id":"https:\/\/militares.estrategia.com\/portal\/eventos\/pre-prova\/semana-especial\/#breadcrumb","itemListElement":[{"@type":"ListItem","position":1,"name":"Home","item":"https:\/\/militares.estrategia.com\/portal\/"},{"@type":"ListItem","position":2,"name":"Eventos","item":"https:\/\/militares.estrategia.com\/portal\/eventos\/"},{"@type":"ListItem","position":3,"name":"Pr\u00e9-Prova","item":"https:\/\/militares.estrategia.com\/portal\/eventos\/pre-prova\/"},{"@type":"ListItem","position":4,"name":"Semana Especial: S.O.S Sargento ESA, EEAR, EsPCEx e CN\/EPCAR"}]},{"@type":"WebSite","@id":"https:\/\/militares.estrategia.com\/portal\/#website","url":"https:\/\/militares.estrategia.com\/portal\/","name":"Estrat\u00e9gia Militares","description":"","publisher":{"@id":"https:\/\/militares.estrategia.com\/portal\/#organization"},"potentialAction":[{"@type":"SearchAction","target":{"@type":"EntryPoint","urlTemplate":"https:\/\/militares.estrategia.com\/portal\/?s={search_term_string}"},"query-input":{"@type":"PropertyValueSpecification","valueRequired":true,"valueName":"search_term_string"}}],"inLanguage":"pt-BR"},{"@type":"Organization","@id":"https:\/\/militares.estrategia.com\/portal\/#organization","name":"Estrat\u00e9gia Militares","url":"https:\/\/militares.estrategia.com\/portal\/","logo":{"@type":"ImageObject","inLanguage":"pt-BR","@id":"https:\/\/militares.estrategia.com\/portal\/#\/schema\/logo\/image\/","url":"https:\/\/militares.estrategia.com\/portal\/wp-content\/uploads\/2021\/10\/logo-militares.webp","contentUrl":"https:\/\/militares.estrategia.com\/portal\/wp-content\/uploads\/2021\/10\/logo-militares.webp","width":346,"height":90,"caption":"Estrat\u00e9gia Militares"},"image":{"@id":"https:\/\/militares.estrategia.com\/portal\/#\/schema\/logo\/image\/"},"sameAs":["https:\/\/www.facebook.com\/EstrategiaMilitares","https:\/\/x.com\/estrategiamilit","https:\/\/www.instagram.com\/estrategiamilitares\/","https:\/\/www.youtube.com\/channel\/UCRG_9hakCqXxnj_8TqCdgTA"]},{"@type":"Person","@id":"https:\/\/militares.estrategia.com\/portal\/#\/schema\/person\/896181038f5542906e5db6f7db222d7c","name":"Estrat\u00e9gia Militares","image":{"@type":"ImageObject","inLanguage":"pt-BR","@id":"https:\/\/militares.estrategia.com\/portal\/#\/schema\/person\/image\/","url":"https:\/\/militares.estrategia.com\/portal\/wp-content\/uploads\/2021\/10\/favicon-militares-150x150.webp","contentUrl":"https:\/\/militares.estrategia.com\/portal\/wp-content\/uploads\/2021\/10\/favicon-militares-150x150.webp","caption":"Estrat\u00e9gia Militares"},"url":"https:\/\/militares.estrategia.com\/portal\/author\/estrategia-militares\/"}]}},"_links":{"self":[{"href":"https:\/\/militares.estrategia.com\/portal\/wp-json\/wp\/v2\/posts\/39157","targetHints":{"allow":["GET"]}}],"collection":[{"href":"https:\/\/militares.estrategia.com\/portal\/wp-json\/wp\/v2\/posts"}],"about":[{"href":"https:\/\/militares.estrategia.com\/portal\/wp-json\/wp\/v2\/types\/post"}],"author":[{"embeddable":true,"href":"https:\/\/militares.estrategia.com\/portal\/wp-json\/wp\/v2\/users\/11"}],"replies":[{"embeddable":true,"href":"https:\/\/militares.estrategia.com\/portal\/wp-json\/wp\/v2\/comments?post=39157"}],"version-history":[{"count":24,"href":"https:\/\/militares.estrategia.com\/portal\/wp-json\/wp\/v2\/posts\/39157\/revisions"}],"predecessor-version":[{"id":68897,"href":"https:\/\/militares.estrategia.com\/portal\/wp-json\/wp\/v2\/posts\/39157\/revisions\/68897"}],"wp:featuredmedia":[{"embeddable":true,"href":"https:\/\/militares.estrategia.com\/portal\/wp-json\/wp\/v2\/media\/55754"}],"wp:attachment":[{"href":"https:\/\/militares.estrategia.com\/portal\/wp-json\/wp\/v2\/media?parent=39157"}],"wp:term":[{"taxonomy":"category","embeddable":true,"href":"https:\/\/militares.estrategia.com\/portal\/wp-json\/wp\/v2\/categories?post=39157"},{"taxonomy":"post_tag","embeddable":true,"href":"https:\/\/militares.estrategia.com\/portal\/wp-json\/wp\/v2\/tags?post=39157"}],"curies":[{"name":"wp","href":"https:\/\/api.w.org\/{rel}","templated":true}]}}