{"id":38549,"date":"2020-10-15T14:42:59","date_gmt":"2020-10-15T17:42:59","guid":{"rendered":"https:\/\/blog.estrategiamilitares.com.br\/?p=38549"},"modified":"2026-07-05T19:49:13","modified_gmt":"2026-07-05T22:49:13","slug":"concurso-epcar","status":"publish","type":"post","link":"https:\/\/militares.estrategia.com\/portal\/escolas-militares\/fab\/epcar\/concurso-epcar\/","title":{"rendered":"EPCAR 2026: curso, inscri\u00e7\u00f5es, prova, sal\u00e1rios e mais!"},"content":{"rendered":"\n<p class=\"wp-block-paragraph\">J\u00e1 pensou em fazer o Ensino M\u00e9dio na Escola Preparat\u00f3ria de Cadetes do Ar (EPCAR)? Descubra como entrar nessa escola militar e os detalhes do concurso que acontece todos os anos! O Estrat\u00e9gia Militares preparou este guia para voc\u00ea saber as principais informa\u00e7\u00f5es sobre o seletivo e a institui\u00e7\u00e3o. <\/p>\n\n\n<div id=\"new-form\">\n\t<form id=\"forms_layout\">\n\t<input type=\"hidden\" id=\"chave_de\" name=\"chave_de\" value=\"01_EMIL_LEADS_TOTAIS\" \/>\n\t\t<input type=\"hidden\" id=\"mid\" name=\"mid\" value=\"515009017\" \/>\n\t\t<input type=\"hidden\" id=\"Objetivo\" name=\"Objetivo\" value=\"Militares\" \/>\n\t\t<input type=\"hidden\" id=\"Estado_de_Origem_do_IP\" name=\"Estado_de_Origem_do_IP\"  value=\"\" \/>\n\t\t<input type=\"hidden\" id=\"Cidade_de_Origem_do_IP\" name=\"Cidade_de_Origem_do_IP\" value=\"\" \/>\n\t\t<input type=\"hidden\" id=\"Modo_de_entrada\" name=\"Modo_de_entrada\" value=\"Portal\" \/>\n\t\t<input type=\"hidden\" id=\"Pagina_Origem\" name=\"Pagina_Origem\" value=\"\" \/>\n\n\t\t<div class=\"texto\">\n\t\t\t<h3 class=\"news\">Inscreva-se em nossa newsletter!<\/h3>\n\t\t\t<p>Receba not\u00edcias sobre os mais importantes concursos para as For\u00e7as Armadas brasileiras e informa\u00e7\u00f5es sobre o mundo militar!<\/p>\n\t\t<\/div>\n\t\t<div class=\"campos\">\n\t\t\t<div class=\"first_name labels\">\n\t\t\t\t<input type=\"text\" class=\"input_labels\" id=\"first_name\" name=\"Nome_Completo\" placeholder=\"Nome\" required \/>\n\t\t\t<\/div>\n\t\t\t<div class=\"email labels\">\n\t\t\t\t<input type=\"email\" class=\"input_labels\" id=\"email\" name=\"Email\" placeholder=\"E-mail\" required \/>\n\t\t\t<\/div>\n\t\t\t<button type=\"submit\" class=\"button_layout\">\n\t\t\t\t<div id=\"lblBotao\">Inscreva-se<\/div>\n\t\t\t\t<span id=\"divSpiner\" class=\"loader\" role=\"status\" style=\"display: none;\"><\/span>\t\n\t\t\t<\/button>\n\t\t<\/div><!-- \/campos -->\n\t\t\n\t\t<label class=\"container_checkbox\">Voc\u00ea concorda com a nossa\n\t\t\t<a class=\"politics_privacy_ahref\" target=\"_blank\" href=\"https:\/\/gratis.estrategiaconcursos.com.br\/politica-de-privacidade\/\">Pol\u00edtica de Privacidade<\/a> e aceita receber informa\u00e7\u00f5es adicionais do Estrat\u00e9gia Educacional.\n\t\t\t<input id=\"checkbox_layout\" type=\"checkbox\" checked=\"checked\" required \/>\n\t\t\t<span class=\"checkbox\"><\/span>\n\t\t<\/label>\n\t\t<div id=\"msg\"><\/div>\n\t\t<div id=\"error\" class=\"error\">\n\t\t<\/div>\n\t<\/form>\n<\/div><!-- \/new-form -->\n\n\n\n<div id=\"ez-toc-container\" class=\"ez-toc-v2_0_86 counter-hierarchy ez-toc-counter ez-toc-transparent ez-toc-container-direction\">\n<div class=\"ez-toc-title-container\"><p class=\"ez-toc-title\" style=\"cursor:inherit\">Navegue pelo conte\u00fado\t<\/p>\n<\/div><nav><ul class='ez-toc-list ez-toc-list-level-1 ' ><li class='ez-toc-page-1 ez-toc-heading-level-2'><a class=\"ez-toc-link ez-toc-heading-1\" href=\"https:\/\/militares.estrategia.com\/portal\/escolas-militares\/fab\/epcar\/concurso-epcar\/#O-que-e-a-EPCAR\" >O que \u00e9 a EPCAR?<\/a><\/li><li class='ez-toc-page-1 ez-toc-heading-level-2'><a class=\"ez-toc-link ez-toc-heading-2\" href=\"https:\/\/militares.estrategia.com\/portal\/escolas-militares\/fab\/epcar\/concurso-epcar\/#Calendario-Concurso-EPCAR-2026\" >Calend\u00e1rio Concurso EPCAR 2026<\/a><\/li><li class='ez-toc-page-1 ez-toc-heading-level-2'><a class=\"ez-toc-link ez-toc-heading-3\" href=\"https:\/\/militares.estrategia.com\/portal\/escolas-militares\/fab\/epcar\/concurso-epcar\/#Inscricoes-EPCAR-2026\" >Inscri\u00e7\u00f5es EPCAR 2026<\/a><\/li><li class='ez-toc-page-1 ez-toc-heading-level-2'><a class=\"ez-toc-link ez-toc-heading-4\" href=\"https:\/\/militares.estrategia.com\/portal\/escolas-militares\/fab\/epcar\/concurso-epcar\/#Numeros-de-inscritos-no-concurso\" >N\u00fameros de inscritos no concurso<\/a><\/li><li class='ez-toc-page-1 ez-toc-heading-level-2'><a class=\"ez-toc-link ez-toc-heading-5\" href=\"https:\/\/militares.estrategia.com\/portal\/escolas-militares\/fab\/epcar\/concurso-epcar\/#Como-e-o-concurso-EPCAR-2026\" >Como \u00e9 o concurso EPCAR 2026?<\/a><\/li><li class='ez-toc-page-1 ez-toc-heading-level-2'><a class=\"ez-toc-link ez-toc-heading-6\" href=\"https:\/\/militares.estrategia.com\/portal\/escolas-militares\/fab\/epcar\/concurso-epcar\/#Prova-Escrita\" >Prova Escrita<\/a><\/li><li class='ez-toc-page-1 ez-toc-heading-level-2'><a class=\"ez-toc-link ez-toc-heading-7\" href=\"https:\/\/militares.estrategia.com\/portal\/escolas-militares\/fab\/epcar\/concurso-epcar\/#No-dia-da-prova\" >No dia da prova<\/a><\/li><li class='ez-toc-page-1 ez-toc-heading-level-2'><a class=\"ez-toc-link ez-toc-heading-8\" href=\"https:\/\/militares.estrategia.com\/portal\/escolas-militares\/fab\/epcar\/concurso-epcar\/#Inspecao-de-Saude\" >Inspe\u00e7\u00e3o de Sa\u00fade<\/a><\/li><li class='ez-toc-page-1 ez-toc-heading-level-2'><a class=\"ez-toc-link ez-toc-heading-9\" href=\"https:\/\/militares.estrategia.com\/portal\/escolas-militares\/fab\/epcar\/concurso-epcar\/#Exame-de-Aptidao-Psicologica\" >Exame de Aptid\u00e3o Psicol\u00f3gica<\/a><\/li><li class='ez-toc-page-1 ez-toc-heading-level-2'><a class=\"ez-toc-link ez-toc-heading-10\" href=\"https:\/\/militares.estrategia.com\/portal\/escolas-militares\/fab\/epcar\/concurso-epcar\/#Teste-de-Avaliacao-do-Condicionamento-Fisico\" >Teste de Avalia\u00e7\u00e3o do Condicionamento F\u00edsico<\/a><\/li><li class='ez-toc-page-1 ez-toc-heading-level-2'><a class=\"ez-toc-link ez-toc-heading-11\" href=\"https:\/\/militares.estrategia.com\/portal\/escolas-militares\/fab\/epcar\/concurso-epcar\/#EPCAR-2026-Locais-de-Prova\" >EPCAR 2026: Locais de Prova<\/a><\/li><li class='ez-toc-page-1 ez-toc-heading-level-2'><a class=\"ez-toc-link ez-toc-heading-12\" href=\"https:\/\/militares.estrategia.com\/portal\/escolas-militares\/fab\/epcar\/concurso-epcar\/#Carreira-Militar\" >Carreira Militar<\/a><\/li><li class='ez-toc-page-1 ez-toc-heading-level-2'><a class=\"ez-toc-link ez-toc-heading-13\" href=\"https:\/\/militares.estrategia.com\/portal\/escolas-militares\/fab\/epcar\/concurso-epcar\/#Curso-e-Formacao\" >Curso e Forma\u00e7\u00e3o&nbsp;<\/a><\/li><li class='ez-toc-page-1 ez-toc-heading-level-2'><a class=\"ez-toc-link ez-toc-heading-14\" href=\"https:\/\/militares.estrategia.com\/portal\/escolas-militares\/fab\/epcar\/concurso-epcar\/#Veja-tambem\" >Veja tamb\u00e9m:<\/a><\/li><\/ul><\/nav><\/div>\n<h2 class=\"wp-block-heading\" id=\"h-o-que-e-a-epcar\"><span class=\"ez-toc-section\" id=\"O-que-e-a-EPCAR\"><\/span>O que \u00e9 a EPCAR?<span class=\"ez-toc-section-end\"><\/span><\/h2>\n\n\n\n<p class=\"wp-block-paragraph\">A <strong><span id=\"urn:enhancement-d6c7f1ee-6beb-4290-aec8-ac5a7aab27f3\" class=\"textannotation disambiguated wl-thing\" itemid=\"https:\/\/data.wordlift.io\/wl110246\/entity\/escola_preparatoria_de_cadetes_2\">Escola Preparat\u00f3ria de Cadetes<\/span> do Ar<\/strong>, sediada em Barbacena, Minas Gerais, equivale ao ensino m\u00e9dio regular e&nbsp;prepara o futuro cadete aviador da <strong><a href=\"https:\/\/militares.estrategia.com\/portal\/guias\/aeronautica\/forca-aerea\/\" target=\"_blank\" >For\u00e7a A\u00e9rea Brasileira (FAB)<\/a><\/strong>. Ap\u00f3s se formarem na EPCAR, os alunos podem entrar na Academia da For\u00e7a A\u00e9rea (AFA). <\/p>\n\n\n\n<p class=\"wp-block-paragraph\">O seletivo de admiss\u00e3o de novos alunos acontece todos os anos. Tanto homens quanto mulheres podem participar do Concurso EPCAR, desde que cumpram os requisitos: <\/p>\n\n\n\n<ul class=\"wp-block-list\">\n<li>ser volunt\u00e1rio;<\/li>\n\n\n\n<li>estar ciente de todas as normas e condi\u00e7\u00f5es estabelecidas;<\/li>\n\n\n\n<li>se menor de 18 anos de idade, estar autorizado por seu respons\u00e1vel legal para realizar as Provas Escritas e, se convocado para prosseguimento no Exame, estar autorizado a participar das etapas subsequentes de Inspe\u00e7\u00e3o de Sa\u00fade (INSPSAU), Exame de Aptid\u00e3o Psicol\u00f3gica (EAP), e Teste de Avalia\u00e7\u00e3o do Condicionamento F\u00edsico (TACF);<\/li>\n\n\n\n<li>inscrever-se por meio do Formul\u00e1rio de Solicita\u00e7\u00e3o de Inscri\u00e7\u00e3o (FSI); e <\/li>\n\n\n\n<li>pagar a taxa de inscri\u00e7\u00e3o dentro do prazo previsto.<\/li>\n<\/ul>\n\n\n\n<h2 class=\"wp-block-heading\" id=\"h-calendario-concurso-epcar-2026\"><span class=\"ez-toc-section\" id=\"Calendario-Concurso-EPCAR-2026\"><\/span>Calend\u00e1rio Concurso EPCAR 2026<span class=\"ez-toc-section-end\"><\/span><\/h2>\n\n\n\n<pre class=\"wp-block-verse\">Veja o calend\u00e1rio com os principais eventos do Concurso EPCAR 2026!  <\/pre>\n\n\n\n<figure class=\"wp-block-table is-style-stripes\"><table class=\"has-electric-grass-gradient-background has-background has-fixed-layout\"><thead><tr><th>EVENTO<\/th><th>DATA<\/th><\/tr><\/thead><tbody><tr><td>Inscri\u00e7\u00f5es<\/td><td>02 a 23\/03\/2026<\/td><\/tr><tr><td>Pedido de isen\u00e7\u00e3o<\/td><td>02 a 23\/03\/2026<\/td><\/tr><tr><td>Prazo limite para pagamento da taxa de inscri\u00e7\u00e3o.<\/td><td>02\/03\/2026 a 01\/04\/2026<\/td><\/tr><tr><td>Provas escritas<\/td><td>21\/06\/2026<\/td><\/tr><tr><td>Divulga\u00e7\u00e3o de gabaritos<\/td><td>07\/07\/2026<\/td><\/tr><tr><td>Concentra\u00e7\u00e3o Intermedi\u00e1ria<\/td><td>17\/08\/2026<\/td><\/tr><tr><td>Inspe\u00e7\u00e3o de Sa\u00fade<\/td><td>15 a 25\/09\/2026<\/td><\/tr><tr><td>Avalia\u00e7\u00e3o Psicol\u00f3gica<\/td><td>15 a 25\/09\/2026<\/td><\/tr><tr><td>Teste de Avalia\u00e7\u00e3o do Condicionamento F\u00edsico<\/td><td>16 a 23\/11\/2026<\/td><\/tr><tr><td>Procedimento de Heteroidentifica\u00e7\u00e3o<\/td><td>09 a 10\/12\/2026<\/td><\/tr><tr><td>Concentra\u00e7\u00e3o Final e Habilita\u00e7\u00e3o \u00e0 Matr\u00edcula<\/td><td>09\/01\/2027<\/td><\/tr><tr><td>Matr\u00edcula e In\u00edcio do Curso<\/td><td>09\/01\/2027<\/td><\/tr><\/tbody><\/table><\/figure>\n\n\n\n<h2 class=\"wp-block-heading\" id=\"h-inscricoes-epcar-2026\"><span class=\"ez-toc-section\" id=\"Inscricoes-EPCAR-2026\"><\/span>Inscri\u00e7\u00f5es EPCAR 2026<span class=\"ez-toc-section-end\"><\/span><\/h2>\n\n\n\n<p class=\"wp-block-paragraph\">No edital <span id=\"urn:enhancement-3bbd00b7-254f-401c-a07f-c3151bc292fa\" class=\"textannotation disambiguated wl-organization\" itemid=\"https:\/\/data.wordlift.io\/wl110246\/entity\/escola_preparatoria_de_cadetes_do_ar\">EPCAR<\/span> ser\u00e3o disponibilizadas&nbsp;<strong>150 vagas<\/strong>&nbsp;para ingresso de ambos os sexos, sendo divididas da seguinte maneira:<\/p>\n\n\n\n<ul class=\"wp-block-list\">\n<li><strong>Para a ampla concorr\u00eancia:&nbsp;<\/strong>104 vagas.<\/li>\n\n\n\n<li><strong>Para a cota reservada aos candidatos negros (pretos ou pardos):<\/strong>&nbsp;38 vagas.<\/li>\n<\/ul>\n\n\n\n<p class=\"wp-block-paragraph\">O valor da taxa de inscri\u00e7\u00e3o para realizar o concurso \u00e9 de R$ 100,00. No entanto, \u00e9 poss\u00edvel pedir a isen\u00e7\u00e3o do pagamento da taxa de inscri\u00e7\u00e3o se o candidato for membro de fam\u00edlia de baixa renda, inscritos no Cad\u00danico e\/ou doadores de medula \u00f3ssea em institui\u00e7\u00f5es reconhecidas pelo Minist\u00e9rio de Sa\u00fade. <\/p>\n\n\n\n<p class=\"wp-block-paragraph\"><strong>Os candidatos que forem solicitar a isen\u00e7\u00e3o, precisam fazer isso entre os dias 02 e 23 de mar\u00e7o de 2026.<\/strong> O pagamento da taxa de inscri\u00e7\u00e3o deve ser efetuado at\u00e9 o dia 1 de abril. <\/p>\n\n\n\n<p class=\"wp-block-paragraph\">Confira o&nbsp;<strong>Edital da <span id=\"urn:enhancement-6dad2f3f-5123-4894-bccf-2539247ede37\" class=\"textannotation disambiguated wl-organization\" itemid=\"https:\/\/data.wordlift.io\/wl110246\/entity\/escola_preparatoria_de_cadetes_do_ar\">EPCAR<\/span> 2026 completo<\/strong>! Clique nos bot\u00f5es abaixo!<\/p>\n\n\n\n<div class=\"wp-block-buttons is-horizontal is-content-justification-center is-layout-flex wp-container-core-buttons-is-layout-7d812b4c wp-block-buttons-is-layout-flex\">\n<div class=\"wp-block-button is-style-outline is-style-outline--1\"><a class=\"wp-block-button__link has-black-color has-electric-grass-gradient-background has-text-color has-background wp-element-button\" href=\"https:\/\/cdn.blog.estrategiavestibulares.com.br\/vestibulares\/wp-content\/uploads\/2025\/01\/IE-EA-CPCAR-2026.pdf\" style=\"border-radius:50px\" target=\"_blank\" >Edital EPCAR 2026<\/a><\/div>\n<\/div>\n\n\n\n<div class=\"wp-block-buttons is-content-justification-center is-layout-flex wp-container-core-buttons-is-layout-fe48e5de wp-block-buttons-is-layout-flex\">\n<div class=\"wp-block-button is-style-outline is-style-outline--2\"><a class=\"wp-block-button__link has-electric-grass-gradient-background has-background wp-element-button\" href=\"https:\/\/cdn.blog.estrategiavestibulares.com.br\/vestibulares\/wp-content\/uploads\/2025\/01\/cpcar2026_bca_10_15-01-2025.pdf\" style=\"border-radius:100px\" target=\"_blank\" >Instru\u00e7\u00f5es espec\u00edficas epcar 2026<\/a><\/div>\n<\/div>\n\n\n\n<p class=\"wp-block-paragraph\">O professor Ismael Santos fez uma live, no <a href=\"https:\/\/www.youtube.com\/@estrategiamilitares\" target=\"_blank\" >canal do YouTube do Estrat\u00e9gia Militares<\/a>, explicando o edital para o Concurso EPCAR 2026. Confira clicando no link a seguir: <\/p>\n\n\n\n<figure class=\"wp-block-embed aligncenter is-type-video is-provider-youtube wp-block-embed-youtube wp-embed-aspect-16-9 wp-has-aspect-ratio\"><div class=\"wp-block-embed__wrapper\">\n<div class=\"cs-embed cs-embed-responsive\"><iframe title=\"Saiu o edital da EPCAR 2026 - Saiba Tudo!\" width=\"1200\" height=\"675\" src=\"https:\/\/www.youtube.com\/embed\/iL13cPOKgWc?feature=oembed\" frameborder=\"0\" allow=\"accelerometer; autoplay; clipboard-write; encrypted-media; gyroscope; picture-in-picture; web-share\" referrerpolicy=\"strict-origin-when-cross-origin\" allowfullscreen><\/iframe><\/div>\n<\/div><\/figure>\n\n\n\n<h2 class=\"wp-block-heading\"><span class=\"ez-toc-section\" id=\"Numeros-de-inscritos-no-concurso\"><\/span>N\u00fameros de inscritos no concurso<span class=\"ez-toc-section-end\"><\/span><\/h2>\n\n\n\n<figure class=\"wp-block-table is-style-stripes\"><table class=\"has-black-color has-electric-grass-gradient-background has-text-color has-background has-fixed-layout\"><thead><tr><th class=\"has-text-align-center\" data-align=\"center\">ANO<\/th><th class=\"has-text-align-center\" data-align=\"center\">INSCRI\u00c7\u00d5ES<\/th><\/tr><\/thead><tbody><tr><td class=\"has-text-align-center\" data-align=\"center\">2024<\/td><td class=\"has-text-align-center\" data-align=\"center\">21.630<\/td><\/tr><tr><td class=\"has-text-align-center\" data-align=\"center\">2023<\/td><td class=\"has-text-align-center\" data-align=\"center\">17.491<\/td><\/tr><tr><td class=\"has-text-align-center\" data-align=\"center\">2022<\/td><td class=\"has-text-align-center\" data-align=\"center\">21.396<\/td><\/tr><tr><td class=\"has-text-align-center\" data-align=\"center\">2021<\/td><td class=\"has-text-align-center\" data-align=\"center\">22.788<\/td><\/tr><tr><td class=\"has-text-align-center\" data-align=\"center\">2020<\/td><td class=\"has-text-align-center\" data-align=\"center\">21.028<\/td><\/tr><tr><td class=\"has-text-align-center\" data-align=\"center\">2019<\/td><td class=\"has-text-align-center\" data-align=\"center\">30.748<\/td><\/tr><tr><td class=\"has-text-align-center\" data-align=\"center\">2018<\/td><td class=\"has-text-align-center\" data-align=\"center\">33.946<\/td><\/tr><tr><td class=\"has-text-align-center\" data-align=\"center\">2017<\/td><td class=\"has-text-align-center\" data-align=\"center\">25.961<\/td><\/tr><\/tbody><\/table><\/figure>\n\n\n\n<h2 class=\"wp-block-heading\" id=\"h-como-e-o-concurso-epcar-2026\"><span class=\"ez-toc-section\" id=\"Como-e-o-concurso-EPCAR-2026\"><\/span>Como \u00e9 o concurso EPCAR 2026?<span class=\"ez-toc-section-end\"><\/span><\/h2>\n\n\n\n<p class=\"wp-block-paragraph\">O Concurso <span id=\"urn:enhancement-80fd840a-68b5-4d79-8c15-55bd1d14418a\" class=\"textannotation disambiguated wl-organization\" itemid=\"https:\/\/data.wordlift.io\/wl110246\/entity\/escola_preparatoria_de_cadetes_do_ar\">EPCAR<\/span> \u00e9 composto pelas seguintes etapas:<\/p>\n\n\n\n<ul class=\"wp-block-list\">\n<li>Provas Escritas;<\/li>\n\n\n\n<li>Inspe\u00e7\u00e3o de Sa\u00fade;&nbsp;<\/li>\n\n\n\n<li>Exame de Aptid\u00e3o Psicol\u00f3gica (EAP); <\/li>\n\n\n\n<li>Procedimento de Heteroidentifica\u00e7\u00e3o Complementar (PHC);<\/li>\n\n\n\n<li>Teste de Avalia\u00e7\u00e3o do Condicionamento F\u00edsico; e<\/li>\n\n\n\n<li>Valida\u00e7\u00e3o Documental.<\/li>\n<\/ul>\n\n\n\n<figure class=\"wp-block-image size-large\"><img decoding=\"async\" src=\"https:\/\/militares.estrategia.com\/portal\/wp-content\/uploads\/2021\/01\/aluno-no-curso-preparatorio-epcar-1024x682.jpg\" alt=\"Cadente pilotando avi\u00e3o no curso preparat\u00f3rio - EPCAR\" class=\"wp-image-41198\"\/><\/figure>\n\n\n\n<h2 class=\"wp-block-heading\" id=\"h-prova-escrita\"><span class=\"ez-toc-section\" id=\"Prova-Escrita\"><\/span>Prova Escrita<span class=\"ez-toc-section-end\"><\/span><\/h2>\n\n\n\n<p class=\"wp-block-paragraph\">A Prova Escrita ser\u00e1 composta de <strong>48 quest\u00f5es objetivas de m\u00faltipla<\/strong> <strong>escolha <\/strong>com quatro alternativas e era constitu\u00edda das seguintes disciplinas:<\/p>\n\n\n\n<ul class=\"wp-block-list\">\n<li>L\u00edngua Portuguesa &#8211; 16 quest\u00f5es;<\/li>\n\n\n\n<li>Matem\u00e1tica &#8211; 16 quest\u00f5es; e<\/li>\n\n\n\n<li>L\u00edngua Inglesa &#8211; 16 quest\u00f5es.<\/li>\n<\/ul>\n\n\n\n<p class=\"wp-block-paragraph\">Al\u00e9m disso, os candidatos tamb\u00e9m escrever\u00e3o uma<strong> Reda\u00e7\u00e3o<\/strong> sobre o tema proposto. <\/p>\n\n\n\n<h3 class=\"wp-block-heading\" id=\"h-redacao-epcar-confira-temas-anteriores\">Reda\u00e7\u00e3o EPCAR: confira temas anteriores!<\/h3>\n\n\n\n<p class=\"wp-block-paragraph\">Fazer uma boa reda\u00e7\u00e3o \u00e9 fundamental no Concurso <span id=\"urn:enhancement-55b4ec9a-5d4e-4766-aaab-42cf721fd515\" class=\"textannotation disambiguated wl-organization\" itemid=\"https:\/\/data.wordlift.io\/wl110246\/entity\/escola_preparatoria_de_cadetes_do_ar\">EPCAR<\/span>. As provas n\u00e3o costumam apresentar uma colet\u00e2nea de textos, j\u00e1 que os pr\u00f3prios conte\u00fados da prova funcionam como textos de apoio para a elabora\u00e7\u00e3o da reda\u00e7\u00e3o. Confira abaixo os \u00faltimos temas cobrados no certame:<\/p>\n\n\n\n<figure class=\"wp-block-table is-style-stripes\"><table class=\"has-electric-grass-gradient-background has-background has-fixed-layout\"><thead><tr><th class=\"has-text-align-center\" data-align=\"center\">Ano<\/th><th>Tema<\/th><\/tr><\/thead><tbody><tr><td class=\"has-text-align-center\" data-align=\"center\">2026<\/td><td>Como a sociedade do desempenho e press\u00f5es da alta performance t\u00eam influenciado no comportamento humano.<\/td><\/tr><tr><td class=\"has-text-align-center\" data-align=\"center\">2025<\/td><td>A responsabilidade intergeracional: a necessidade de aliar a\u00e7\u00f5es ambientais e crescimento econ\u00f4mico em busca do desenvolvimento social e da preserva\u00e7\u00e3o do meio ambiente.<\/td><\/tr><tr><td class=\"has-text-align-center\" data-align=\"center\">2024<\/td><td>A import\u00e2ncia da mem\u00f3ria hist\u00f3rica e influ\u00eancia da diversidade cultural na forma\u00e7\u00e3o da identidade nacional brasileira<\/td><\/tr><tr><td class=\"has-text-align-center\" data-align=\"center\">2023<\/td><td>Apesar do desentendimento motivado pelas diferen\u00e7as geracionais, \u00e9 poss\u00edvel que haja uma conviv\u00eancia saud\u00e1vel entre as gera\u00e7\u00f5es?<\/td><\/tr><tr><td class=\"has-text-align-center\" data-align=\"center\">2022<\/td><td>\u00c9 correto julgar o comportamento de uma pessoa pela apar\u00eancia de seu corpo?&nbsp;<strong>&nbsp;<\/strong><\/td><\/tr><tr><td class=\"has-text-align-center\" data-align=\"center\">2021<\/td><td>Criamos um mundo onde as pessoas pensam apenas no seu pr\u00f3prio ego\u00edsmo. Perdeu-se de vista o sentido da solidariedade humana. Um mundo que nos obriga a viver na dor \u00e9 um mundo poss\u00edvel?<\/td><\/tr><tr><td class=\"has-text-align-center\" data-align=\"center\">2020<\/td><td>Como colocar em pr\u00e1tica o desafio proposto por Affonso Romano para sermos, no cotidiano, &#8220;urgentemente delicados&#8221;?<\/td><\/tr><tr><td class=\"has-text-align-center\" data-align=\"center\">2019<\/td><td>Drummond certa vez escreveu: &#8220;Ao telefone perdeste muito tempo de semear&#8221;. Ele \u00e9 porque n\u00e3o conheceu a Internet, que, tanto quanto o celular, usada desregradamente \u00e9 a grande sorvedora de tempo da p\u00f3s-modernidade.<\/td><\/tr><tr><td class=\"has-text-align-center\" data-align=\"center\">2018<\/td><td>Como a cultura de rua pode ser utilizada para melhorar a vida na sociedade?<\/td><\/tr><tr><td class=\"has-text-align-center\" data-align=\"center\">2017<\/td><td>A import\u00e2ncia da literatura na forma\u00e7\u00e3o do ser humano.<\/td><\/tr><tr><td class=\"has-text-align-center\" data-align=\"center\">2016<\/td><td>A polui\u00e7\u00e3o, o homem e a Terra.<\/td><\/tr><tr><td class=\"has-text-align-center\" data-align=\"center\">2015<\/td><td>As dificuldades de se colocar em pr\u00e1tica nos dias de hoje o seguinte ensinamento: &#8220;Procure ver o lado bom das coisas ruins&#8221;.<\/td><\/tr><tr><td class=\"has-text-align-center\" data-align=\"center\">2014<\/td><td>O trabalho escravo est\u00e1 mais pr\u00f3ximo do que voc\u00ea imagina.<\/td><\/tr><\/tbody><\/table><\/figure>\n\n\n\n<h2 class=\"wp-block-heading\" id=\"h-no-dia-da-prova\"><span class=\"ez-toc-section\" id=\"No-dia-da-prova\"><\/span>No dia da prova<span class=\"ez-toc-section-end\"><\/span><\/h2>\n\n\n\n<p class=\"wp-block-paragraph\">O candidato deve levar, <strong>no dia da prova <span id=\"urn:enhancement-5bb27e01-1f8f-4244-ab88-2741a8dc0d80\" class=\"textannotation disambiguated wl-organization\" itemid=\"https:\/\/data.wordlift.io\/wl110246\/entity\/escola_preparatoria_de_cadetes_do_ar\">EPCAR<\/span>, <\/strong>caneta esferogr\u00e1fica<strong> azul ou preta<\/strong>.&nbsp;<\/p>\n\n\n\n<p class=\"wp-block-paragraph\">N\u00e3o \u00e9 permitido na hora do exame:<\/p>\n\n\n\n<ul class=\"wp-block-list\">\n<li>Adornos na regi\u00e3o da orelha, pesco\u00e7o ou topo da cabe\u00e7a;<\/li>\n\n\n\n<li>Bolsas;<\/li>\n\n\n\n<li>Livros, anota\u00e7\u00f5es, impressos;<\/li>\n\n\n\n<li>Dispositivos\/equipamentos eletr\u00f4nicos;<\/li>\n\n\n\n<li>Chaves; e<\/li>\n\n\n\n<li>Rel\u00f3gio.<\/li>\n<\/ul>\n\n\n\n<h2 class=\"wp-block-heading\" id=\"h-inspecao-de-saude\"><span class=\"ez-toc-section\" id=\"Inspecao-de-Saude\"><\/span>Inspe\u00e7\u00e3o de Sa\u00fade<span class=\"ez-toc-section-end\"><\/span><\/h2>\n\n\n\n<p class=\"wp-block-paragraph\">A Inspe\u00e7\u00e3o de Sa\u00fade avaliar\u00e1 as condi\u00e7\u00f5es de sa\u00fade do candidato atrav\u00e9s de exames cl\u00ednicos, de imagem e laboratoriais para comprovar a inexist\u00eancia de doen\u00e7as que prejudiquem a carreira militar.<\/p>\n\n\n\n<h2 class=\"wp-block-heading\" id=\"h-exame-de-aptidao-psicologica\"><span class=\"ez-toc-section\" id=\"Exame-de-Aptidao-Psicologica\"><\/span>Exame de Aptid\u00e3o Psicol\u00f3gica<span class=\"ez-toc-section-end\"><\/span><\/h2>\n\n\n\n<p class=\"wp-block-paragraph\">O Exame de Aptid\u00e3o Psicol\u00f3gica ir\u00e1 detectar atrav\u00e9s de <strong>t\u00e9cnicas do <span id=\"urn:enhancement-2c2853f4-6049-4362-9b98-65617f99a792\" class=\"textannotation disambiguated wl-organization\" itemid=\"https:\/\/data.wordlift.io\/wl110246\/entity\/comando_da_aeronautica_comaer\">Comando da Aeron\u00e1utica<\/span><\/strong> alguma inaptid\u00e3o que possa dificultar as atividades durante o Servi\u00e7o Militar.<\/p>\n\n\n\n<h3 class=\"wp-block-heading\" id=\"h-areas-avaliadas\">\u00c1reas avaliadas:<\/h3>\n\n\n\n<ul class=\"wp-block-list\">\n<li>Personalidade &#8211; Adequa\u00e7\u00e3o a normas e padr\u00f5es; equil\u00edbrio emocional; coopera\u00e7\u00e3o\/relacionamento interpessoal; planejamento e organiza\u00e7\u00e3o; responsabilidade; resist\u00eancia \u00e0 frustra\u00e7\u00e3o; e<\/li>\n\n\n\n<li>Aptid\u00e3o &#8211; Racioc\u00ednio L\u00f3gico.<\/li>\n<\/ul>\n\n\n\n<h2 class=\"wp-block-heading\" id=\"h-teste-de-avaliacao-do-condicionamento-fisico\"><span class=\"ez-toc-section\" id=\"Teste-de-Avaliacao-do-Condicionamento-Fisico\"><\/span>Teste de Avalia\u00e7\u00e3o do Condicionamento F\u00edsico<span class=\"ez-toc-section-end\"><\/span><\/h2>\n\n\n\n<p class=\"wp-block-paragraph\">O Teste de Avalia\u00e7\u00e3o do Condicionamento F\u00edsico analisar\u00e1 o vigor f\u00edsico do candidato por meio dos seguintes exerc\u00edcios:<\/p>\n\n\n\n<div class=\"wp-block-group\"><div class=\"wp-block-group__inner-container is-layout-flow wp-block-group-is-layout-flow\">\n<figure class=\"wp-block-table is-style-stripes\"><table class=\"has-electric-grass-gradient-background has-background has-fixed-layout\"><thead><tr><th>SEXO<\/th><th class=\"has-text-align-center\" data-align=\"center\">MASCULINO<\/th><th>SEXO<\/th><th class=\"has-text-align-center\" data-align=\"center\">FEMININO<\/th><\/tr><tr><th><strong>T<\/strong>estes<\/th><th class=\"has-text-align-center\" data-align=\"center\"><strong>Desempenho m\u00ednimo<\/strong><\/th><th><strong>T<\/strong>estes<\/th><th class=\"has-text-align-center\" data-align=\"center\"><strong><strong>Desempenho m\u00ednimo<\/strong><\/strong><\/th><\/tr><\/thead><tbody><tr><td>FEMS\u00b9<\/td><td class=\"has-text-align-center\" data-align=\"center\">21 repeti\u00e7\u00f5es<\/td><td>FEMS\u00b9<\/td><td class=\"has-text-align-center\" data-align=\"center\">13 repeti\u00e7\u00f5es<\/td><\/tr><tr><td>FTSC\u00b2<\/td><td class=\"has-text-align-center\" data-align=\"center\">38 repeti\u00e7\u00f5es<\/td><td>FTSC\u00b2<\/td><td class=\"has-text-align-center\" data-align=\"center\">30 repeti\u00e7\u00f5es<\/td><\/tr><tr><td>Corrida 12 min<\/td><td class=\"has-text-align-center\" data-align=\"center\">2050 metros<\/td><td>Corrida 12 min<\/td><td class=\"has-text-align-center\" data-align=\"center\">1650 metros<\/td><\/tr><\/tbody><\/table><figcaption class=\"wp-element-caption\">\u00b9 FLEX\u00c3O E EXTENS\u00c3O DOS MEMBROS SUPERIORES COM APOIO DE FRENTE SOBRE O SOLO<br>\u00b2 FLEX\u00c3O DO TRONCO SOBRE AS COXAS<\/figcaption><\/figure>\n<\/div><\/div>\n\n\n\n<h2 class=\"wp-block-heading\" id=\"h-epcar-2026-locais-de-prova\"><span class=\"ez-toc-section\" id=\"EPCAR-2026-Locais-de-Prova\"><\/span>EPCAR 2026: Locais de Prova<span class=\"ez-toc-section-end\"><\/span><\/h2>\n\n\n\n<p class=\"wp-block-paragraph\">Confira abaixo os locais escolhidos para a realiza\u00e7\u00e3o das provas escritas:<\/p>\n\n\n\n<ul class=\"wp-block-list\">\n<li>Bel\u00e9m (PA);<\/li>\n\n\n\n<li>Recife (PE);<\/li>\n\n\n\n<li>Natal (RN);<\/li>\n\n\n\n<li>Salvador (BA);<\/li>\n\n\n\n<li>Fortaleza (CE);<\/li>\n\n\n\n<li>Rio de Janeiro (RJ);<\/li>\n\n\n\n<li>Belo Horizonte (MG);<\/li>\n\n\n\n<li>Barbacena (MG);<\/li>\n\n\n\n<li>S\u00e3o Paulo (SP);<\/li>\n\n\n\n<li>Pirassununga (SP);<\/li>\n\n\n\n<li>Campo Grande (MS);<\/li>\n\n\n\n<li>Curitiba (PR);<\/li>\n\n\n\n<li>Porto Alegre (RS);<\/li>\n\n\n\n<li>Bras\u00edlia (DF);<\/li>\n\n\n\n<li>Manaus (AM);<\/li>\n\n\n\n<li>Boa Vista (RR); e<\/li>\n\n\n\n<li>Porto Velho (RO).<\/li>\n<\/ul>\n\n\n\n<h3 class=\"wp-block-heading\" id=\"h-medidas-de-seguranca\">Medidas de Seguran\u00e7a<\/h3>\n\n\n\n<p class=\"wp-block-paragraph\">Todos os candidatos menores de idade precisam ter a autoriza\u00e7\u00e3o do respons\u00e1vel para fazer o teste. O empr\u00e9stimo de materiais \u00e9 proibido durante a realiza\u00e7\u00e3o da prova.&nbsp;<\/p>\n\n\n\n<h2 class=\"wp-block-heading\" id=\"h-carreira-militar\"><span class=\"ez-toc-section\" id=\"Carreira-Militar\"><\/span>Carreira Militar<span class=\"ez-toc-section-end\"><\/span><\/h2>\n\n\n\n<p class=\"wp-block-paragraph\">Ap\u00f3s a matr\u00edcula, o candidato passa a ser <strong>Aluno do Curso Preparat\u00f3rio de Cadetes do Ar<\/strong> (CPCAR). No t\u00e9rmino do curso, o aluno receber\u00e1 o certificado do Ensino M\u00e9dio e do CPCAR. O mesmo poder\u00e1 iniciar o <strong>Curso de Forma\u00e7\u00e3o de Oficiais Aviadores da <span id=\"urn:enhancement-956f2e7a-c460-4e5e-8abc-c926506cabf3\" class=\"textannotation disambiguated wl-organization\" itemid=\"https:\/\/data.wordlift.io\/wl110246\/entity\/academia_da_forca_aerea\">Academia da For\u00e7a A\u00e9rea<\/span><\/strong>.<\/p>\n\n\n\n<h3 class=\"wp-block-heading\" id=\"h-quanto-ganha\">Quanto ganha?<\/h3>\n\n\n\n<p class=\"wp-block-paragraph\">Durante o Curso Preparat\u00f3rio de Cadetes do Ar (CPCAR), o <strong>aluno recebe alojamento, alimenta\u00e7\u00e3o, assist\u00eancia m\u00e9dica e odontol\u00f3gica, al\u00e9m de uma bolsa aux\u00edlio em torno de R$ 1.044,00 nos dois primeiros anos, e R$ 1.066,00 no terceiro ano. <\/strong>Ap\u00f3s a conclus\u00e3o do Curso da <span id=\"urn:enhancement-7ad587cd-a27d-43c1-a0f3-802524562def\" class=\"textannotation disambiguated wl-organization\" itemid=\"https:\/\/data.wordlift.io\/wl110246\/entity\/escola_preparatoria_de_cadetes_do_ar\">EPCAR<\/span> e da forma\u00e7\u00e3o de Aviador, o sal\u00e1rio pode chegar na casa de R$ 10.000,00.<\/p>\n\n\n\n<h2 class=\"wp-block-heading\" id=\"h-curso-e-formacao-nbsp\"><span class=\"ez-toc-section\" id=\"Curso-e-Formacao\"><\/span>Curso e Forma\u00e7\u00e3o&nbsp;<span class=\"ez-toc-section-end\"><\/span><\/h2>\n\n\n\n<p class=\"wp-block-paragraph\">O <strong>Curso Preparat\u00f3rio de Cadetes do Ar<\/strong> tem a <strong>dura\u00e7\u00e3o de 3 anos<\/strong> e ministrar\u00e1 disciplinas do Ensino M\u00e9dio Regular no Campo Geral. No Campo Militar o Aluno ir\u00e1 conhecer a carreira militar e a conduta de acordo com os regulamentos.<\/p>\n\n\n\n<p class=\"wp-block-paragraph\">N\u00f3s estamos aqui para ajudar voc\u00ea, futuro aluno da <span id=\"urn:enhancement-4d307fc9-1a16-42d6-896e-d31e11c705e0\" class=\"textannotation disambiguated wl-organization\" itemid=\"https:\/\/data.wordlift.io\/wl110246\/entity\/escola_preparatoria_de_cadetes_do_ar\">EPCAR<\/span>! Gostou do conte\u00fado do <span id=\"urn:enhancement-50f23f97-cab1-4116-be79-318b9cb62505\" class=\"textannotation disambiguated wl-organization\" itemid=\"https:\/\/data.wordlift.io\/wl110246\/entity\/estrategia_militares\">Estrat\u00e9gia Militares<\/span>? Ent\u00e3o continue acompanhando nosso blog, e siga as nossas redes sociais para ficar por dentro do que rola no mundo militar! Al\u00e9m disso, clique no banner abaixo para conferir nossos pacotes para a <span id=\"urn:enhancement-e690e67d-6389-4ac3-810e-69dd685245de\" class=\"textannotation disambiguated wl-organization\" itemid=\"https:\/\/data.wordlift.io\/wl110246\/entity\/comando_da_aeronautica_comaer\">Aeron\u00e1utica<\/span>!<\/p>\n\n\n\n<p class=\"wp-block-paragraph\"><\/p>\n\n\n\n\n\n\n\n<h2 class=\"wp-block-heading\"><span class=\"ez-toc-section\" id=\"Veja-tambem\"><\/span>Veja tamb\u00e9m:<span class=\"ez-toc-section-end\"><\/span><\/h2>\n\n\n\n<ul class=\"wp-block-list\">\n<li><a href=\"https:\/\/militares.estrategia.com\/portal\/noticias\/locais-de-prova-epcar-2023\/\">EPCAR 2023: locais de prova s\u00e3o divulgados<\/a><\/li>\n\n\n\n<li><a href=\"https:\/\/militares.estrategia.com\/portal\/mundo-militar\/carreiras-e-especializacoes\/colegio-naval-ou-epcar-qual-escolher\/\">Col\u00e9gio Naval ou EPCAR: qual escolher?<\/a><\/li>\n\n\n\n<li><a href=\"https:\/\/militares.estrategia.com\/portal\/noticias\/edital-epcar-130-vagas-disponiveis\/\">Edital EPCAR 2023: 130 vagas dispon\u00edveis<\/a><\/li>\n\n\n\n<li><a href=\"https:\/\/militares.estrategia.com\/portal\/carreiras-militares\/epcar\/\">Epcar: confira as disciplinas<\/a><\/li>\n\n\n\n<li><a href=\"https:\/\/militares.estrategia.com\/portal\/mundo-militar\/forcas-armadas\/forca-aerea\/\">For\u00e7a A\u00e9rea Brasileira: como ingressar, fun\u00e7\u00e3o, patentes, organiza\u00e7\u00f5es e mais<\/a><\/li>\n\n\n\n<li><a href=\"https:\/\/militares.estrategia.com\/portal\/mundo-militar\/carreiras-e-especializacoes\/como-entrar-na-aeronautica\/\">Como entrar na Aeron\u00e1utica: concursos, exames e mais!<\/a><\/li>\n\n\n\n<li><a href=\"https:\/\/militares.estrategia.com\/portal\/mundo-militar\/carreiras-e-especializacoes\/concurso-cpcar\/\">Curso Preparat\u00f3rio de Cadetes do Ar (CPCAR): como ingressar e mais<\/a><\/li>\n<\/ul>\n","protected":false},"excerpt":{"rendered":"J\u00e1 pensou em fazer o Ensino M\u00e9dio na Escola Preparat\u00f3ria de Cadetes do Ar (EPCAR)? Descubra como entrar&hellip;\n","protected":false},"author":18,"featured_media":56453,"comment_status":"closed","ping_status":"closed","sticky":false,"template":"","format":"standard","meta":{"footnotes":""},"categories":[234],"tags":[],"class_list":["post-38549","post","type-post","status-publish","format-standard","has-post-thumbnail","category-epcar"],"acf":[],"yoast_head":"<!-- This site is optimized with the Yoast SEO Premium plugin v26.6 (Yoast SEO v26.6) - https:\/\/yoast.com\/wordpress\/plugins\/seo\/ -->\n<title>Concurso Epcar 2026: curso, vagas, prova e mais!<\/title>\n<meta name=\"description\" content=\"Descubra tudo sobre o Concurso Epcar! Gabarito da prova, edital, etapas do seletivo, vagas, inscri\u00e7\u00f5es, requisitos b\u00e1sicos, sal\u00e1rios e mais!\" \/>\n<meta name=\"robots\" content=\"index, follow, max-snippet:-1, max-image-preview:large, max-video-preview:-1\" \/>\n<link rel=\"canonical\" href=\"https:\/\/militares.estrategia.com\/portal\/escolas-militares\/fab\/epcar\/concurso-epcar\/\" \/>\n<meta property=\"og:locale\" content=\"pt_BR\" \/>\n<meta property=\"og:type\" content=\"article\" \/>\n<meta property=\"og:title\" content=\"EPCAR 2026: curso, inscri\u00e7\u00f5es, prova, sal\u00e1rios e mais!\" \/>\n<meta property=\"og:description\" content=\"Descubra tudo sobre o Concurso Epcar! Gabarito da prova, edital, etapas do seletivo, vagas, inscri\u00e7\u00f5es, requisitos b\u00e1sicos, sal\u00e1rios e mais!\" \/>\n<meta property=\"og:url\" content=\"https:\/\/militares.estrategia.com\/portal\/escolas-militares\/fab\/epcar\/concurso-epcar\/\" \/>\n<meta property=\"og:site_name\" content=\"Estrat\u00e9gia Militares\" \/>\n<meta property=\"article:publisher\" content=\"https:\/\/www.facebook.com\/EstrategiaMilitares\" \/>\n<meta property=\"article:published_time\" content=\"2020-10-15T17:42:59+00:00\" \/>\n<meta property=\"article:modified_time\" content=\"2026-07-05T22:49:13+00:00\" \/>\n<meta property=\"og:image\" content=\"https:\/\/militares.estrategia.com\/portal\/wp-content\/uploads\/2022\/07\/Capas-11.jpg\" \/>\n\t<meta property=\"og:image:width\" content=\"960\" \/>\n\t<meta property=\"og:image:height\" content=\"540\" \/>\n\t<meta property=\"og:image:type\" content=\"image\/jpeg\" \/>\n<meta name=\"author\" content=\"Pedro Alcantara\" \/>\n<meta name=\"twitter:card\" content=\"summary_large_image\" \/>\n<meta name=\"twitter:creator\" content=\"@estrategiamilit\" \/>\n<meta name=\"twitter:site\" content=\"@estrategiamilit\" \/>\n<meta name=\"twitter:label1\" content=\"Escrito por\" \/>\n\t<meta name=\"twitter:data1\" content=\"Pedro Alcantara\" \/>\n\t<meta name=\"twitter:label2\" content=\"Est. tempo de leitura\" \/>\n\t<meta name=\"twitter:data2\" content=\"7 minutos\" \/>\n<script type=\"application\/ld+json\" class=\"yoast-schema-graph\">{\"@context\":\"https:\/\/schema.org\",\"@graph\":[{\"@type\":\"Article\",\"@id\":\"https:\/\/militares.estrategia.com\/portal\/escolas-militares\/fab\/epcar\/concurso-epcar\/#article\",\"isPartOf\":{\"@id\":\"https:\/\/militares.estrategia.com\/portal\/escolas-militares\/fab\/epcar\/concurso-epcar\/\"},\"author\":{\"name\":\"Pedro Alcantara\",\"@id\":\"https:\/\/militares.estrategia.com\/portal\/#\/schema\/person\/d52a8bb9d3a4693ffcfbe862dc250f79\"},\"headline\":\"EPCAR 2026: curso, inscri\u00e7\u00f5es, prova, sal\u00e1rios e mais!\",\"datePublished\":\"2020-10-15T17:42:59+00:00\",\"dateModified\":\"2026-07-05T22:49:13+00:00\",\"mainEntityOfPage\":{\"@id\":\"https:\/\/militares.estrategia.com\/portal\/escolas-militares\/fab\/epcar\/concurso-epcar\/\"},\"wordCount\":1562,\"publisher\":{\"@id\":\"https:\/\/militares.estrategia.com\/portal\/#organization\"},\"image\":{\"@id\":\"https:\/\/militares.estrategia.com\/portal\/escolas-militares\/fab\/epcar\/concurso-epcar\/#primaryimage\"},\"thumbnailUrl\":\"https:\/\/militares.estrategia.com\/portal\/wp-content\/uploads\/2022\/07\/Capas-11.jpg\",\"articleSection\":[\"EPCAR\"],\"inLanguage\":\"pt-BR\"},{\"@type\":\"WebPage\",\"@id\":\"https:\/\/militares.estrategia.com\/portal\/escolas-militares\/fab\/epcar\/concurso-epcar\/\",\"url\":\"https:\/\/militares.estrategia.com\/portal\/escolas-militares\/fab\/epcar\/concurso-epcar\/\",\"name\":\"Concurso Epcar 2026: curso, vagas, prova e mais!\",\"isPartOf\":{\"@id\":\"https:\/\/militares.estrategia.com\/portal\/#website\"},\"primaryImageOfPage\":{\"@id\":\"https:\/\/militares.estrategia.com\/portal\/escolas-militares\/fab\/epcar\/concurso-epcar\/#primaryimage\"},\"image\":{\"@id\":\"https:\/\/militares.estrategia.com\/portal\/escolas-militares\/fab\/epcar\/concurso-epcar\/#primaryimage\"},\"thumbnailUrl\":\"https:\/\/militares.estrategia.com\/portal\/wp-content\/uploads\/2022\/07\/Capas-11.jpg\",\"datePublished\":\"2020-10-15T17:42:59+00:00\",\"dateModified\":\"2026-07-05T22:49:13+00:00\",\"description\":\"Descubra tudo sobre o Concurso Epcar! Gabarito da prova, edital, etapas do seletivo, vagas, inscri\u00e7\u00f5es, requisitos b\u00e1sicos, sal\u00e1rios e mais!\",\"breadcrumb\":{\"@id\":\"https:\/\/militares.estrategia.com\/portal\/escolas-militares\/fab\/epcar\/concurso-epcar\/#breadcrumb\"},\"inLanguage\":\"pt-BR\",\"potentialAction\":[{\"@type\":\"ReadAction\",\"target\":[\"https:\/\/militares.estrategia.com\/portal\/escolas-militares\/fab\/epcar\/concurso-epcar\/\"]}]},{\"@type\":\"ImageObject\",\"inLanguage\":\"pt-BR\",\"@id\":\"https:\/\/militares.estrategia.com\/portal\/escolas-militares\/fab\/epcar\/concurso-epcar\/#primaryimage\",\"url\":\"https:\/\/militares.estrategia.com\/portal\/wp-content\/uploads\/2022\/07\/Capas-11.jpg\",\"contentUrl\":\"https:\/\/militares.estrategia.com\/portal\/wp-content\/uploads\/2022\/07\/Capas-11.jpg\",\"width\":960,\"height\":540},{\"@type\":\"BreadcrumbList\",\"@id\":\"https:\/\/militares.estrategia.com\/portal\/escolas-militares\/fab\/epcar\/concurso-epcar\/#breadcrumb\",\"itemListElement\":[{\"@type\":\"ListItem\",\"position\":1,\"name\":\"Home\",\"item\":\"https:\/\/militares.estrategia.com\/portal\/\"},{\"@type\":\"ListItem\",\"position\":2,\"name\":\"Escolas Militares\",\"item\":\"https:\/\/militares.estrategia.com\/portal\/escolas-militares\/\"},{\"@type\":\"ListItem\",\"position\":3,\"name\":\"For\u00e7a A\u00e9rea\",\"item\":\"https:\/\/militares.estrategia.com\/portal\/escolas-militares\/fab\/\"},{\"@type\":\"ListItem\",\"position\":4,\"name\":\"EPCAR\",\"item\":\"https:\/\/militares.estrategia.com\/portal\/escolas-militares\/fab\/epcar\/\"},{\"@type\":\"ListItem\",\"position\":5,\"name\":\"EPCAR 2026: curso, inscri\u00e7\u00f5es, prova, sal\u00e1rios e mais!\"}]},{\"@type\":\"WebSite\",\"@id\":\"https:\/\/militares.estrategia.com\/portal\/#website\",\"url\":\"https:\/\/militares.estrategia.com\/portal\/\",\"name\":\"Estrat\u00e9gia Militares\",\"description\":\"\",\"publisher\":{\"@id\":\"https:\/\/militares.estrategia.com\/portal\/#organization\"},\"potentialAction\":[{\"@type\":\"SearchAction\",\"target\":{\"@type\":\"EntryPoint\",\"urlTemplate\":\"https:\/\/militares.estrategia.com\/portal\/?s={search_term_string}\"},\"query-input\":{\"@type\":\"PropertyValueSpecification\",\"valueRequired\":true,\"valueName\":\"search_term_string\"}}],\"inLanguage\":\"pt-BR\"},{\"@type\":\"Organization\",\"@id\":\"https:\/\/militares.estrategia.com\/portal\/#organization\",\"name\":\"Estrat\u00e9gia Militares\",\"url\":\"https:\/\/militares.estrategia.com\/portal\/\",\"logo\":{\"@type\":\"ImageObject\",\"inLanguage\":\"pt-BR\",\"@id\":\"https:\/\/militares.estrategia.com\/portal\/#\/schema\/logo\/image\/\",\"url\":\"https:\/\/militares.estrategia.com\/portal\/wp-content\/uploads\/2021\/10\/logo-militares.webp\",\"contentUrl\":\"https:\/\/militares.estrategia.com\/portal\/wp-content\/uploads\/2021\/10\/logo-militares.webp\",\"width\":346,\"height\":90,\"caption\":\"Estrat\u00e9gia Militares\"},\"image\":{\"@id\":\"https:\/\/militares.estrategia.com\/portal\/#\/schema\/logo\/image\/\"},\"sameAs\":[\"https:\/\/www.facebook.com\/EstrategiaMilitares\",\"https:\/\/x.com\/estrategiamilit\",\"https:\/\/www.instagram.com\/estrategiamilitares\/\",\"https:\/\/www.youtube.com\/channel\/UCRG_9hakCqXxnj_8TqCdgTA\"]},{\"@type\":\"Person\",\"@id\":\"https:\/\/militares.estrategia.com\/portal\/#\/schema\/person\/d52a8bb9d3a4693ffcfbe862dc250f79\",\"name\":\"Pedro Alcantara\",\"image\":{\"@type\":\"ImageObject\",\"inLanguage\":\"pt-BR\",\"@id\":\"https:\/\/militares.estrategia.com\/portal\/#\/schema\/person\/image\/\",\"url\":\"https:\/\/secure.gravatar.com\/avatar\/9f28cb4302612877752bb9c15168120088ec45eede3d4f87e247d03aafc528b9?s=96&d=mm&r=g\",\"contentUrl\":\"https:\/\/secure.gravatar.com\/avatar\/9f28cb4302612877752bb9c15168120088ec45eede3d4f87e247d03aafc528b9?s=96&d=mm&r=g\",\"caption\":\"Pedro Alcantara\"},\"url\":\"https:\/\/militares.estrategia.com\/portal\/author\/pedro\/\"}]}<\/script>\n<!-- \/ Yoast SEO Premium plugin. -->","yoast_head_json":{"title":"Concurso Epcar 2026: curso, vagas, prova e mais!","description":"Descubra tudo sobre o Concurso Epcar! Gabarito da prova, edital, etapas do seletivo, vagas, inscri\u00e7\u00f5es, requisitos b\u00e1sicos, sal\u00e1rios e mais!","robots":{"index":"index","follow":"follow","max-snippet":"max-snippet:-1","max-image-preview":"max-image-preview:large","max-video-preview":"max-video-preview:-1"},"canonical":"https:\/\/militares.estrategia.com\/portal\/escolas-militares\/fab\/epcar\/concurso-epcar\/","og_locale":"pt_BR","og_type":"article","og_title":"EPCAR 2026: curso, inscri\u00e7\u00f5es, prova, sal\u00e1rios e mais!","og_description":"Descubra tudo sobre o Concurso Epcar! Gabarito da prova, edital, etapas do seletivo, vagas, inscri\u00e7\u00f5es, requisitos b\u00e1sicos, sal\u00e1rios e mais!","og_url":"https:\/\/militares.estrategia.com\/portal\/escolas-militares\/fab\/epcar\/concurso-epcar\/","og_site_name":"Estrat\u00e9gia Militares","article_publisher":"https:\/\/www.facebook.com\/EstrategiaMilitares","article_published_time":"2020-10-15T17:42:59+00:00","article_modified_time":"2026-07-05T22:49:13+00:00","og_image":[{"width":960,"height":540,"url":"https:\/\/militares.estrategia.com\/portal\/wp-content\/uploads\/2022\/07\/Capas-11.jpg","type":"image\/jpeg"}],"author":"Pedro Alcantara","twitter_card":"summary_large_image","twitter_creator":"@estrategiamilit","twitter_site":"@estrategiamilit","twitter_misc":{"Escrito por":"Pedro Alcantara","Est. tempo de leitura":"7 minutos"},"schema":{"@context":"https:\/\/schema.org","@graph":[{"@type":"Article","@id":"https:\/\/militares.estrategia.com\/portal\/escolas-militares\/fab\/epcar\/concurso-epcar\/#article","isPartOf":{"@id":"https:\/\/militares.estrategia.com\/portal\/escolas-militares\/fab\/epcar\/concurso-epcar\/"},"author":{"name":"Pedro Alcantara","@id":"https:\/\/militares.estrategia.com\/portal\/#\/schema\/person\/d52a8bb9d3a4693ffcfbe862dc250f79"},"headline":"EPCAR 2026: curso, inscri\u00e7\u00f5es, prova, sal\u00e1rios e mais!","datePublished":"2020-10-15T17:42:59+00:00","dateModified":"2026-07-05T22:49:13+00:00","mainEntityOfPage":{"@id":"https:\/\/militares.estrategia.com\/portal\/escolas-militares\/fab\/epcar\/concurso-epcar\/"},"wordCount":1562,"publisher":{"@id":"https:\/\/militares.estrategia.com\/portal\/#organization"},"image":{"@id":"https:\/\/militares.estrategia.com\/portal\/escolas-militares\/fab\/epcar\/concurso-epcar\/#primaryimage"},"thumbnailUrl":"https:\/\/militares.estrategia.com\/portal\/wp-content\/uploads\/2022\/07\/Capas-11.jpg","articleSection":["EPCAR"],"inLanguage":"pt-BR"},{"@type":"WebPage","@id":"https:\/\/militares.estrategia.com\/portal\/escolas-militares\/fab\/epcar\/concurso-epcar\/","url":"https:\/\/militares.estrategia.com\/portal\/escolas-militares\/fab\/epcar\/concurso-epcar\/","name":"Concurso Epcar 2026: curso, vagas, prova e mais!","isPartOf":{"@id":"https:\/\/militares.estrategia.com\/portal\/#website"},"primaryImageOfPage":{"@id":"https:\/\/militares.estrategia.com\/portal\/escolas-militares\/fab\/epcar\/concurso-epcar\/#primaryimage"},"image":{"@id":"https:\/\/militares.estrategia.com\/portal\/escolas-militares\/fab\/epcar\/concurso-epcar\/#primaryimage"},"thumbnailUrl":"https:\/\/militares.estrategia.com\/portal\/wp-content\/uploads\/2022\/07\/Capas-11.jpg","datePublished":"2020-10-15T17:42:59+00:00","dateModified":"2026-07-05T22:49:13+00:00","description":"Descubra tudo sobre o Concurso Epcar! Gabarito da prova, edital, etapas do seletivo, vagas, inscri\u00e7\u00f5es, requisitos b\u00e1sicos, sal\u00e1rios e mais!","breadcrumb":{"@id":"https:\/\/militares.estrategia.com\/portal\/escolas-militares\/fab\/epcar\/concurso-epcar\/#breadcrumb"},"inLanguage":"pt-BR","potentialAction":[{"@type":"ReadAction","target":["https:\/\/militares.estrategia.com\/portal\/escolas-militares\/fab\/epcar\/concurso-epcar\/"]}]},{"@type":"ImageObject","inLanguage":"pt-BR","@id":"https:\/\/militares.estrategia.com\/portal\/escolas-militares\/fab\/epcar\/concurso-epcar\/#primaryimage","url":"https:\/\/militares.estrategia.com\/portal\/wp-content\/uploads\/2022\/07\/Capas-11.jpg","contentUrl":"https:\/\/militares.estrategia.com\/portal\/wp-content\/uploads\/2022\/07\/Capas-11.jpg","width":960,"height":540},{"@type":"BreadcrumbList","@id":"https:\/\/militares.estrategia.com\/portal\/escolas-militares\/fab\/epcar\/concurso-epcar\/#breadcrumb","itemListElement":[{"@type":"ListItem","position":1,"name":"Home","item":"https:\/\/militares.estrategia.com\/portal\/"},{"@type":"ListItem","position":2,"name":"Escolas Militares","item":"https:\/\/militares.estrategia.com\/portal\/escolas-militares\/"},{"@type":"ListItem","position":3,"name":"For\u00e7a A\u00e9rea","item":"https:\/\/militares.estrategia.com\/portal\/escolas-militares\/fab\/"},{"@type":"ListItem","position":4,"name":"EPCAR","item":"https:\/\/militares.estrategia.com\/portal\/escolas-militares\/fab\/epcar\/"},{"@type":"ListItem","position":5,"name":"EPCAR 2026: curso, inscri\u00e7\u00f5es, prova, sal\u00e1rios e mais!"}]},{"@type":"WebSite","@id":"https:\/\/militares.estrategia.com\/portal\/#website","url":"https:\/\/militares.estrategia.com\/portal\/","name":"Estrat\u00e9gia Militares","description":"","publisher":{"@id":"https:\/\/militares.estrategia.com\/portal\/#organization"},"potentialAction":[{"@type":"SearchAction","target":{"@type":"EntryPoint","urlTemplate":"https:\/\/militares.estrategia.com\/portal\/?s={search_term_string}"},"query-input":{"@type":"PropertyValueSpecification","valueRequired":true,"valueName":"search_term_string"}}],"inLanguage":"pt-BR"},{"@type":"Organization","@id":"https:\/\/militares.estrategia.com\/portal\/#organization","name":"Estrat\u00e9gia Militares","url":"https:\/\/militares.estrategia.com\/portal\/","logo":{"@type":"ImageObject","inLanguage":"pt-BR","@id":"https:\/\/militares.estrategia.com\/portal\/#\/schema\/logo\/image\/","url":"https:\/\/militares.estrategia.com\/portal\/wp-content\/uploads\/2021\/10\/logo-militares.webp","contentUrl":"https:\/\/militares.estrategia.com\/portal\/wp-content\/uploads\/2021\/10\/logo-militares.webp","width":346,"height":90,"caption":"Estrat\u00e9gia Militares"},"image":{"@id":"https:\/\/militares.estrategia.com\/portal\/#\/schema\/logo\/image\/"},"sameAs":["https:\/\/www.facebook.com\/EstrategiaMilitares","https:\/\/x.com\/estrategiamilit","https:\/\/www.instagram.com\/estrategiamilitares\/","https:\/\/www.youtube.com\/channel\/UCRG_9hakCqXxnj_8TqCdgTA"]},{"@type":"Person","@id":"https:\/\/militares.estrategia.com\/portal\/#\/schema\/person\/d52a8bb9d3a4693ffcfbe862dc250f79","name":"Pedro Alcantara","image":{"@type":"ImageObject","inLanguage":"pt-BR","@id":"https:\/\/militares.estrategia.com\/portal\/#\/schema\/person\/image\/","url":"https:\/\/secure.gravatar.com\/avatar\/9f28cb4302612877752bb9c15168120088ec45eede3d4f87e247d03aafc528b9?s=96&d=mm&r=g","contentUrl":"https:\/\/secure.gravatar.com\/avatar\/9f28cb4302612877752bb9c15168120088ec45eede3d4f87e247d03aafc528b9?s=96&d=mm&r=g","caption":"Pedro Alcantara"},"url":"https:\/\/militares.estrategia.com\/portal\/author\/pedro\/"}]}},"_links":{"self":[{"href":"https:\/\/militares.estrategia.com\/portal\/wp-json\/wp\/v2\/posts\/38549","targetHints":{"allow":["GET"]}}],"collection":[{"href":"https:\/\/militares.estrategia.com\/portal\/wp-json\/wp\/v2\/posts"}],"about":[{"href":"https:\/\/militares.estrategia.com\/portal\/wp-json\/wp\/v2\/types\/post"}],"author":[{"embeddable":true,"href":"https:\/\/militares.estrategia.com\/portal\/wp-json\/wp\/v2\/users\/18"}],"replies":[{"embeddable":true,"href":"https:\/\/militares.estrategia.com\/portal\/wp-json\/wp\/v2\/comments?post=38549"}],"version-history":[{"count":111,"href":"https:\/\/militares.estrategia.com\/portal\/wp-json\/wp\/v2\/posts\/38549\/revisions"}],"predecessor-version":[{"id":99931,"href":"https:\/\/militares.estrategia.com\/portal\/wp-json\/wp\/v2\/posts\/38549\/revisions\/99931"}],"wp:featuredmedia":[{"embeddable":true,"href":"https:\/\/militares.estrategia.com\/portal\/wp-json\/wp\/v2\/media\/56453"}],"wp:attachment":[{"href":"https:\/\/militares.estrategia.com\/portal\/wp-json\/wp\/v2\/media?parent=38549"}],"wp:term":[{"taxonomy":"category","embeddable":true,"href":"https:\/\/militares.estrategia.com\/portal\/wp-json\/wp\/v2\/categories?post=38549"},{"taxonomy":"post_tag","embeddable":true,"href":"https:\/\/militares.estrategia.com\/portal\/wp-json\/wp\/v2\/tags?post=38549"}],"curies":[{"name":"wp","href":"https:\/\/api.w.org\/{rel}","templated":true}]}}