{"id":101386,"date":"2026-09-04T14:54:57","date_gmt":"2026-09-04T17:54:57","guid":{"rendered":"https:\/\/militares.estrategia.com\/portal\/?p=101386"},"modified":"2026-09-04T14:59:25","modified_gmt":"2026-09-04T17:59:25","slug":"colegios-militares-2026-veja-os-resultados-dos-pedidos-de-isencao-de-taxa","status":"publish","type":"post","link":"https:\/\/militares.estrategia.com\/portal\/noticias\/colegios-militares-2026-veja-os-resultados-dos-pedidos-de-isencao-de-taxa\/","title":{"rendered":"Col\u00e9gio Militar 2026: veja os resultados dos pedidos de isen\u00e7\u00e3o de taxa"},"content":{"rendered":"\n<p class=\"wp-block-paragraph\">O Ex\u00e9rcito Brasileiro divulgou nesta sexta-feira, 04 de setembro, <strong>os resultados dos pedidos de isen\u00e7\u00e3o de pagamento de taxa de inscri\u00e7\u00e3o do Concurso Col\u00e9gio Militar 2026.<\/strong> Os candidatos que desejam participar do processo seletivo precisam pagar um valor de R$95. Saiba mais sobre o resultado dos pedidos!<\/p>\n\n\n<div id=\"new-form\">\n\t<form id=\"forms_layout\">\n\t<input type=\"hidden\" id=\"chave_de\" name=\"chave_de\" value=\"01_EMIL_LEADS_TOTAIS\" \/>\n\t\t<input type=\"hidden\" id=\"mid\" name=\"mid\" value=\"515009017\" \/>\n\t\t<input type=\"hidden\" id=\"Objetivo\" name=\"Objetivo\" value=\"Militares\" \/>\n\t\t<input type=\"hidden\" id=\"Estado_de_Origem_do_IP\" name=\"Estado_de_Origem_do_IP\"  value=\"\" \/>\n\t\t<input type=\"hidden\" id=\"Cidade_de_Origem_do_IP\" name=\"Cidade_de_Origem_do_IP\" value=\"\" \/>\n\t\t<input type=\"hidden\" id=\"Modo_de_entrada\" name=\"Modo_de_entrada\" value=\"Portal\" \/>\n\t\t<input type=\"hidden\" id=\"Pagina_Origem\" name=\"Pagina_Origem\" value=\"\" \/>\n\n\t\t<div class=\"texto\">\n\t\t\t<h3 class=\"news\">Inscreva-se em nossa newsletter!<\/h3>\n\t\t\t<p>Receba not\u00edcias sobre os mais importantes concursos para as For\u00e7as Armadas brasileiras e informa\u00e7\u00f5es sobre o mundo militar!<\/p>\n\t\t<\/div>\n\t\t<div class=\"campos\">\n\t\t\t<div class=\"first_name labels\">\n\t\t\t\t<input type=\"text\" class=\"input_labels\" id=\"first_name\" name=\"Nome_Completo\" placeholder=\"Nome\" required \/>\n\t\t\t<\/div>\n\t\t\t<div class=\"email labels\">\n\t\t\t\t<input type=\"email\" class=\"input_labels\" id=\"email\" name=\"Email\" placeholder=\"E-mail\" required \/>\n\t\t\t<\/div>\n\t\t\t<button type=\"submit\" class=\"button_layout\">\n\t\t\t\t<div id=\"lblBotao\">Inscreva-se<\/div>\n\t\t\t\t<span id=\"divSpiner\" class=\"loader\" role=\"status\" style=\"display: none;\"><\/span>\t\n\t\t\t<\/button>\n\t\t<\/div><!-- \/campos -->\n\t\t\n\t\t<label class=\"container_checkbox\">Voc\u00ea concorda com a nossa\n\t\t\t<a class=\"politics_privacy_ahref\" target=\"_blank\" href=\"https:\/\/gratis.estrategiaconcursos.com.br\/politica-de-privacidade\/\">Pol\u00edtica de Privacidade<\/a> e aceita receber informa\u00e7\u00f5es adicionais do Estrat\u00e9gia Educacional.\n\t\t\t<input id=\"checkbox_layout\" type=\"checkbox\" checked=\"checked\" required \/>\n\t\t\t<span class=\"checkbox\"><\/span>\n\t\t<\/label>\n\t\t<div id=\"msg\"><\/div>\n\t\t<div id=\"error\" class=\"error\">\n\t\t<\/div>\n\t<\/form>\n<\/div><!-- \/new-form -->\n\n\n\n<p class=\"wp-block-paragraph\">Os resultados foram publicados nas p\u00e1ginas na internet dos col\u00e9gios militares brasileiros. Para acess\u00e1-los, clique abaixo:<\/p>\n\n\n\n<ul class=\"wp-block-list\">\n<li><a href=\"https:\/\/militares.estrategia.com\/portal\/wp-content\/uploads\/2026\/09\/CMBel-Resultado_Pedidos-de-Isencao-da-Taxa-de-Inscricao.pdf\" target=\"_blank\" >Col\u00e9gio Militar de Bel\u00e9m (CMBel)<\/a>;<\/li>\n\n\n\n<li><a href=\"https:\/\/militares.estrategia.com\/portal\/wp-content\/uploads\/2026\/09\/CMBH-pedidostaxa.pdf\" target=\"_blank\" >Col\u00e9gio Militar de Belo Horizonte (CMBH)<\/a>;<\/li>\n\n\n\n<li><a href=\"https:\/\/militares.estrategia.com\/portal\/wp-content\/uploads\/2026\/09\/CMB-Publicacao-de-deferimento-de-pedido-de-isencao-de-inscricao-concurso-CMB-2026.pdf\" target=\"_blank\" >Col\u00e9gio Militar de Bras\u00edlia (CMB)<\/a>;<\/li>\n\n\n\n<li><a href=\"https:\/\/militares.estrategia.com\/portal\/wp-content\/uploads\/2026\/09\/CMCG-Adt-30-CA_Taxa-de-Iseno.pdf\" target=\"_blank\" >Col\u00e9gio Militar de Campo Grande (CMCG)<\/a>; <\/li>\n\n\n\n<li><a href=\"https:\/\/militares.estrategia.com\/portal\/wp-content\/uploads\/2026\/09\/CMC-Taxa_de_Isencao.pdf\" target=\"_blank\" >Col\u00e9gio Militar de Curitiba (CMC)<\/a>;<\/li>\n\n\n\n<li><a href=\"https:\/\/militares.estrategia.com\/portal\/wp-content\/uploads\/2026\/09\/CMF-Relacao_de_isencoes_deferidas_2026.docx_assinado.pdf\" target=\"_blank\" >Col\u00e9gio Militar de Fortaleza (CMF)<\/a>;<\/li>\n\n\n\n<li><a href=\"https:\/\/cmjf.eb.mil.br\/index.php\/processo-seletivo\" target=\"_blank\" >Col\u00e9gio Militar de Juiz de Fora (CMJF)<\/a>;<\/li>\n\n\n\n<li><a href=\"https:\/\/cmm.processoseletivo.org\/\" target=\"_blank\" >Col\u00e9gio Militar de Manaus (CMM)<\/a>;<\/li>\n\n\n\n<li><a href=\"https:\/\/cmpa.processoseletivo.org\/\" target=\"_blank\" >Col\u00e9gio Militar de Porto Alegre (CMPA)<\/a>;<\/li>\n\n\n\n<li><a href=\"https:\/\/cmr.processoseletivo.org\/\" target=\"_blank\" >Col\u00e9gio Militar do Recife (CMR)<\/a>;<\/li>\n\n\n\n<li><a href=\"https:\/\/www.cmrj.eb.mil.br\/images\/processo-seletivo\/Isencao.pdf?csrt=15982662418215647752\" target=\"_blank\" >Col\u00e9gio Militar do Rio de Janeiro (CMRJ)<\/a>; <\/li>\n\n\n\n<li><a href=\"https:\/\/militares.estrategia.com\/portal\/wp-content\/uploads\/2026\/09\/CMS-lstresultadoinsencaocadunico_2026.pdf\" target=\"_blank\" >Col\u00e9gio Militar de Salvador (CMS)<\/a>; <\/li>\n\n\n\n<li><a href=\"https:\/\/militares.estrategia.com\/portal\/wp-content\/uploads\/2026\/09\/CMSM-Resultado-dos-pedidos-de-isencao-da-taxa-de-inscricao-do-Processo-Seletivo-de-admissao-ao-CMSM-2026_2027-4.pdf\" target=\"_blank\" >Col\u00e9gio Militar de Santa Maria (CMSM)<\/a>; <\/li>\n\n\n\n<li><a href=\"https:\/\/www.cmsp.eb.mil.br\/index.php?option=com_content&amp;view=article&amp;layout=edit&amp;id=171\" target=\"_blank\" >Col\u00e9gio Militar de S\u00e3o Paulo (CMSP)<\/a>; e <\/li>\n\n\n\n<li><a href=\"https:\/\/www.cmvm.eb.mil.br\/noticias\/processo-seletivo-2026-2027\" target=\"_blank\" >Col\u00e9gio Militar da Vila Militar (CMVM)<\/a>. <\/li>\n<\/ul>\n\n\n\n<p class=\"wp-block-paragraph\">Os candidatos que fizeram o pedido de isen\u00e7\u00e3o, mas tiveram como resultado &#8220;indeferido&#8221; pode solicitar recurso entre os dias 08 e 09 de setembro. Os resultados ser\u00e3o divulgados no dia 10 de setembro. <\/p>\n\n\n\n<p class=\"wp-block-paragraph\">Estude com o Estrat\u00e9gia Militares e conquiste sua vaga nos Col\u00e9gios Militares! Oferecemos cursos preparat\u00f3rios on-line com materiais direcionados para cada uma das provas militares. Clique no banner e conhe\u00e7a nossos cursos! <\/p>\n\n\n\n<p class=\"wp-block-paragraph\"><div class=\"cta-medio\" style=\"background-image: url(https:\/\/militares.estrategia.com\/portal\/wp-content\/uploads\/2025\/07\/CTA-EXERCITO.jpg);\"><h3>Ingresse no 6\u00ba ano do E. Fundamental<\/h3> <p>Prepare seu filho para os Col\u00e9gios Militares!<\/p><div class=\"cta-botao\"><a id=\"cta-medio\" href=\"https:\/\/militares.estrategia.com\/concursos\/cursos\/colegio-militar-6-ano?utm_source=portal&utm_medium=post&utm_campaign=emil-x-vd-seo-portal-v\" target=\"_blank\" style=\"background:#17494e\">Saiba mais<\/a><\/div><\/div>\n\n\n\n<p class=\"wp-block-paragraph\"><div class=\"cta-medio\" style=\"background-image: url(https:\/\/militares.estrategia.com\/portal\/wp-content\/uploads\/2025\/07\/CTA-EXERCITO.jpg);\"><h3>Ingresse no 1\u00ba ano do Ensino M\u00e9dio<\/h3> <p>Prepare seu filho para os Col\u00e9gios Militares!<\/p><div class=\"cta-botao\"><a id=\"cta-medio\" href=\"https:\/\/militares.estrategia.com\/concursos\/cursos\/colegio-militar-1-ano?utm_source=portal&utm_medium=post&utm_campaign=emil-x-vd-seo-portal-v\" target=\"_blank\" style=\"background:#17494e\">Saiba mais<\/a><\/div><\/div>\n","protected":false},"excerpt":{"rendered":"O Ex\u00e9rcito Brasileiro divulgou nesta sexta-feira, 04 de setembro, os resultados dos pedidos de isen\u00e7\u00e3o de pagamento de&hellip;\n","protected":false},"author":58,"featured_media":46829,"comment_status":"closed","ping_status":"closed","sticky":false,"template":"","format":"standard","meta":{"footnotes":""},"categories":[36],"tags":[330,162,200,161,167],"class_list":["post-101386","post","type-post","status-publish","format-standard","has-post-thumbnail","category-noticias","tag-330","tag-carreiramilitar","tag-colegio-militar","tag-concursosmilitares","tag-exercito"],"acf":[],"yoast_head":"<!-- This site is optimized with the Yoast SEO Premium plugin v26.6 (Yoast SEO v26.6) - https:\/\/yoast.com\/wordpress\/plugins\/seo\/ -->\n<title>Estrat\u00e9gia Militares<\/title>\n<meta name=\"description\" content=\"Veja o resultado dos pedidos de isen\u00e7\u00e3o de pagamento de taxa de inscri\u00e7\u00e3o do Concurso Col\u00e9gio Militar 2026!\" \/>\n<meta name=\"robots\" content=\"index, follow, max-snippet:-1, max-image-preview:large, max-video-preview:-1\" \/>\n<link rel=\"canonical\" href=\"https:\/\/militares.estrategia.com\/portal\/noticias\/colegios-militares-2026-veja-os-resultados-dos-pedidos-de-isencao-de-taxa\/\" \/>\n<meta property=\"og:locale\" content=\"pt_BR\" \/>\n<meta property=\"og:type\" content=\"article\" \/>\n<meta property=\"og:title\" content=\"Col\u00e9gio Militar 2026: veja os resultados dos pedidos de isen\u00e7\u00e3o de taxa\" \/>\n<meta property=\"og:description\" content=\"Veja o resultado dos pedidos de isen\u00e7\u00e3o de pagamento de taxa de inscri\u00e7\u00e3o do Concurso Col\u00e9gio Militar 2026!\" \/>\n<meta property=\"og:url\" content=\"https:\/\/militares.estrategia.com\/portal\/noticias\/colegios-militares-2026-veja-os-resultados-dos-pedidos-de-isencao-de-taxa\/\" \/>\n<meta property=\"og:site_name\" content=\"Estrat\u00e9gia Militares\" \/>\n<meta property=\"article:publisher\" content=\"https:\/\/www.facebook.com\/EstrategiaMilitares\" \/>\n<meta property=\"article:published_time\" content=\"2026-09-04T17:54:57+00:00\" \/>\n<meta property=\"article:modified_time\" content=\"2026-09-04T17:59:25+00:00\" \/>\n<meta property=\"og:image\" content=\"https:\/\/militares.estrategia.com\/portal\/wp-content\/uploads\/2021\/08\/Capa-colegios-militares.jpg\" \/>\n\t<meta property=\"og:image:width\" content=\"750\" \/>\n\t<meta property=\"og:image:height\" content=\"420\" \/>\n\t<meta property=\"og:image:type\" content=\"image\/jpeg\" \/>\n<meta name=\"author\" content=\"Vanesca Soares\" \/>\n<meta name=\"twitter:card\" content=\"summary_large_image\" \/>\n<meta name=\"twitter:creator\" content=\"@estrategiamilit\" \/>\n<meta name=\"twitter:site\" content=\"@estrategiamilit\" \/>\n<meta name=\"twitter:label1\" content=\"Escrito por\" \/>\n\t<meta name=\"twitter:data1\" content=\"Vanesca Soares\" \/>\n\t<meta name=\"twitter:label2\" content=\"Est. tempo de leitura\" \/>\n\t<meta name=\"twitter:data2\" content=\"1 minuto\" \/>\n<script type=\"application\/ld+json\" class=\"yoast-schema-graph\">{\"@context\":\"https:\/\/schema.org\",\"@graph\":[{\"@type\":\"NewsArticle\",\"@id\":\"https:\/\/militares.estrategia.com\/portal\/noticias\/colegios-militares-2026-veja-os-resultados-dos-pedidos-de-isencao-de-taxa\/#article\",\"isPartOf\":{\"@id\":\"https:\/\/militares.estrategia.com\/portal\/noticias\/colegios-militares-2026-veja-os-resultados-dos-pedidos-de-isencao-de-taxa\/\"},\"author\":{\"name\":\"Vanesca Soares\",\"@id\":\"https:\/\/militares.estrategia.com\/portal\/#\/schema\/person\/5cfd387108cd0cdefab7eea7a9735dcc\"},\"headline\":\"Col\u00e9gio Militar 2026: veja os resultados dos pedidos de isen\u00e7\u00e3o de taxa\",\"datePublished\":\"2026-09-04T17:54:57+00:00\",\"dateModified\":\"2026-09-04T17:59:25+00:00\",\"mainEntityOfPage\":{\"@id\":\"https:\/\/militares.estrategia.com\/portal\/noticias\/colegios-militares-2026-veja-os-resultados-dos-pedidos-de-isencao-de-taxa\/\"},\"wordCount\":261,\"publisher\":{\"@id\":\"https:\/\/militares.estrategia.com\/portal\/#organization\"},\"image\":{\"@id\":\"https:\/\/militares.estrategia.com\/portal\/noticias\/colegios-militares-2026-veja-os-resultados-dos-pedidos-de-isencao-de-taxa\/#primaryimage\"},\"thumbnailUrl\":\"https:\/\/militares.estrategia.com\/portal\/wp-content\/uploads\/2021\/08\/Capa-colegios-militares.jpg\",\"keywords\":[\"2026\",\"carreiramilitar\",\"col\u00e9gio militar\",\"ConcursosMilitares\",\"Ex\u00e9rcito\"],\"articleSection\":[\"Not\u00edcias\"],\"inLanguage\":\"pt-BR\"},{\"@type\":\"WebPage\",\"@id\":\"https:\/\/militares.estrategia.com\/portal\/noticias\/colegios-militares-2026-veja-os-resultados-dos-pedidos-de-isencao-de-taxa\/\",\"url\":\"https:\/\/militares.estrategia.com\/portal\/noticias\/colegios-militares-2026-veja-os-resultados-dos-pedidos-de-isencao-de-taxa\/\",\"name\":\"Estrat\u00e9gia Militares\",\"isPartOf\":{\"@id\":\"https:\/\/militares.estrategia.com\/portal\/#website\"},\"primaryImageOfPage\":{\"@id\":\"https:\/\/militares.estrategia.com\/portal\/noticias\/colegios-militares-2026-veja-os-resultados-dos-pedidos-de-isencao-de-taxa\/#primaryimage\"},\"image\":{\"@id\":\"https:\/\/militares.estrategia.com\/portal\/noticias\/colegios-militares-2026-veja-os-resultados-dos-pedidos-de-isencao-de-taxa\/#primaryimage\"},\"thumbnailUrl\":\"https:\/\/militares.estrategia.com\/portal\/wp-content\/uploads\/2021\/08\/Capa-colegios-militares.jpg\",\"datePublished\":\"2026-09-04T17:54:57+00:00\",\"dateModified\":\"2026-09-04T17:59:25+00:00\",\"description\":\"Veja o resultado dos pedidos de isen\u00e7\u00e3o de pagamento de taxa de inscri\u00e7\u00e3o do Concurso Col\u00e9gio Militar 2026!\",\"breadcrumb\":{\"@id\":\"https:\/\/militares.estrategia.com\/portal\/noticias\/colegios-militares-2026-veja-os-resultados-dos-pedidos-de-isencao-de-taxa\/#breadcrumb\"},\"inLanguage\":\"pt-BR\",\"potentialAction\":[{\"@type\":\"ReadAction\",\"target\":[\"https:\/\/militares.estrategia.com\/portal\/noticias\/colegios-militares-2026-veja-os-resultados-dos-pedidos-de-isencao-de-taxa\/\"]}]},{\"@type\":\"ImageObject\",\"inLanguage\":\"pt-BR\",\"@id\":\"https:\/\/militares.estrategia.com\/portal\/noticias\/colegios-militares-2026-veja-os-resultados-dos-pedidos-de-isencao-de-taxa\/#primaryimage\",\"url\":\"https:\/\/militares.estrategia.com\/portal\/wp-content\/uploads\/2021\/08\/Capa-colegios-militares.jpg\",\"contentUrl\":\"https:\/\/militares.estrategia.com\/portal\/wp-content\/uploads\/2021\/08\/Capa-colegios-militares.jpg\",\"width\":750,\"height\":420,\"caption\":\"col\u00e9gio militar\"},{\"@type\":\"BreadcrumbList\",\"@id\":\"https:\/\/militares.estrategia.com\/portal\/noticias\/colegios-militares-2026-veja-os-resultados-dos-pedidos-de-isencao-de-taxa\/#breadcrumb\",\"itemListElement\":[{\"@type\":\"ListItem\",\"position\":1,\"name\":\"Home\",\"item\":\"https:\/\/militares.estrategia.com\/portal\/\"},{\"@type\":\"ListItem\",\"position\":2,\"name\":\"Not\u00edcias\",\"item\":\"https:\/\/militares.estrategia.com\/portal\/noticias\/\"},{\"@type\":\"ListItem\",\"position\":3,\"name\":\"Col\u00e9gio Militar 2026: veja os resultados dos pedidos de isen\u00e7\u00e3o de taxa\"}]},{\"@type\":\"WebSite\",\"@id\":\"https:\/\/militares.estrategia.com\/portal\/#website\",\"url\":\"https:\/\/militares.estrategia.com\/portal\/\",\"name\":\"Estrat\u00e9gia Militares\",\"description\":\"\",\"publisher\":{\"@id\":\"https:\/\/militares.estrategia.com\/portal\/#organization\"},\"potentialAction\":[{\"@type\":\"SearchAction\",\"target\":{\"@type\":\"EntryPoint\",\"urlTemplate\":\"https:\/\/militares.estrategia.com\/portal\/?s={search_term_string}\"},\"query-input\":{\"@type\":\"PropertyValueSpecification\",\"valueRequired\":true,\"valueName\":\"search_term_string\"}}],\"inLanguage\":\"pt-BR\"},{\"@type\":\"Organization\",\"@id\":\"https:\/\/militares.estrategia.com\/portal\/#organization\",\"name\":\"Estrat\u00e9gia Militares\",\"url\":\"https:\/\/militares.estrategia.com\/portal\/\",\"logo\":{\"@type\":\"ImageObject\",\"inLanguage\":\"pt-BR\",\"@id\":\"https:\/\/militares.estrategia.com\/portal\/#\/schema\/logo\/image\/\",\"url\":\"https:\/\/militares.estrategia.com\/portal\/wp-content\/uploads\/2021\/10\/logo-militares.webp\",\"contentUrl\":\"https:\/\/militares.estrategia.com\/portal\/wp-content\/uploads\/2021\/10\/logo-militares.webp\",\"width\":346,\"height\":90,\"caption\":\"Estrat\u00e9gia Militares\"},\"image\":{\"@id\":\"https:\/\/militares.estrategia.com\/portal\/#\/schema\/logo\/image\/\"},\"sameAs\":[\"https:\/\/www.facebook.com\/EstrategiaMilitares\",\"https:\/\/x.com\/estrategiamilit\",\"https:\/\/www.instagram.com\/estrategiamilitares\/\",\"https:\/\/www.youtube.com\/channel\/UCRG_9hakCqXxnj_8TqCdgTA\"]},{\"@type\":\"Person\",\"@id\":\"https:\/\/militares.estrategia.com\/portal\/#\/schema\/person\/5cfd387108cd0cdefab7eea7a9735dcc\",\"name\":\"Vanesca Soares\",\"image\":{\"@type\":\"ImageObject\",\"inLanguage\":\"pt-BR\",\"@id\":\"https:\/\/militares.estrategia.com\/portal\/#\/schema\/person\/image\/\",\"url\":\"https:\/\/militares.estrategia.com\/portal\/wp-content\/uploads\/2021\/10\/FB_IMG_1634215702135-150x150.webp\",\"contentUrl\":\"https:\/\/militares.estrategia.com\/portal\/wp-content\/uploads\/2021\/10\/FB_IMG_1634215702135-150x150.webp\",\"caption\":\"Vanesca Soares\"},\"description\":\"Vanesca Soares foi Primeiro Tenente da Marinha do Brasil. Jornalista de forma\u00e7\u00e3o, ama todas as artes, principalmente a Literatura e o Cinema. Capaz de ficar em casa lendo um bom livro ao inv\u00e9s de ir para a balada, entende que ler \u00e9 uma grande viagem. Ama filmes hist\u00f3ricos, biografias, drama, thrillers, terror e tudo sobre os anos 1980. Principalmente a m\u00fasica!\",\"url\":\"https:\/\/militares.estrategia.com\/portal\/author\/vanesca-soares\/\"}]}<\/script>\n<!-- \/ Yoast SEO Premium plugin. -->","yoast_head_json":{"title":"Estrat\u00e9gia Militares","description":"Veja o resultado dos pedidos de isen\u00e7\u00e3o de pagamento de taxa de inscri\u00e7\u00e3o do Concurso Col\u00e9gio Militar 2026!","robots":{"index":"index","follow":"follow","max-snippet":"max-snippet:-1","max-image-preview":"max-image-preview:large","max-video-preview":"max-video-preview:-1"},"canonical":"https:\/\/militares.estrategia.com\/portal\/noticias\/colegios-militares-2026-veja-os-resultados-dos-pedidos-de-isencao-de-taxa\/","og_locale":"pt_BR","og_type":"article","og_title":"Col\u00e9gio Militar 2026: veja os resultados dos pedidos de isen\u00e7\u00e3o de taxa","og_description":"Veja o resultado dos pedidos de isen\u00e7\u00e3o de pagamento de taxa de inscri\u00e7\u00e3o do Concurso Col\u00e9gio Militar 2026!","og_url":"https:\/\/militares.estrategia.com\/portal\/noticias\/colegios-militares-2026-veja-os-resultados-dos-pedidos-de-isencao-de-taxa\/","og_site_name":"Estrat\u00e9gia Militares","article_publisher":"https:\/\/www.facebook.com\/EstrategiaMilitares","article_published_time":"2026-09-04T17:54:57+00:00","article_modified_time":"2026-09-04T17:59:25+00:00","og_image":[{"width":750,"height":420,"url":"https:\/\/militares.estrategia.com\/portal\/wp-content\/uploads\/2021\/08\/Capa-colegios-militares.jpg","type":"image\/jpeg"}],"author":"Vanesca Soares","twitter_card":"summary_large_image","twitter_creator":"@estrategiamilit","twitter_site":"@estrategiamilit","twitter_misc":{"Escrito por":"Vanesca Soares","Est. tempo de leitura":"1 minuto"},"schema":{"@context":"https:\/\/schema.org","@graph":[{"@type":"NewsArticle","@id":"https:\/\/militares.estrategia.com\/portal\/noticias\/colegios-militares-2026-veja-os-resultados-dos-pedidos-de-isencao-de-taxa\/#article","isPartOf":{"@id":"https:\/\/militares.estrategia.com\/portal\/noticias\/colegios-militares-2026-veja-os-resultados-dos-pedidos-de-isencao-de-taxa\/"},"author":{"name":"Vanesca Soares","@id":"https:\/\/militares.estrategia.com\/portal\/#\/schema\/person\/5cfd387108cd0cdefab7eea7a9735dcc"},"headline":"Col\u00e9gio Militar 2026: veja os resultados dos pedidos de isen\u00e7\u00e3o de taxa","datePublished":"2026-09-04T17:54:57+00:00","dateModified":"2026-09-04T17:59:25+00:00","mainEntityOfPage":{"@id":"https:\/\/militares.estrategia.com\/portal\/noticias\/colegios-militares-2026-veja-os-resultados-dos-pedidos-de-isencao-de-taxa\/"},"wordCount":261,"publisher":{"@id":"https:\/\/militares.estrategia.com\/portal\/#organization"},"image":{"@id":"https:\/\/militares.estrategia.com\/portal\/noticias\/colegios-militares-2026-veja-os-resultados-dos-pedidos-de-isencao-de-taxa\/#primaryimage"},"thumbnailUrl":"https:\/\/militares.estrategia.com\/portal\/wp-content\/uploads\/2021\/08\/Capa-colegios-militares.jpg","keywords":["2026","carreiramilitar","col\u00e9gio militar","ConcursosMilitares","Ex\u00e9rcito"],"articleSection":["Not\u00edcias"],"inLanguage":"pt-BR"},{"@type":"WebPage","@id":"https:\/\/militares.estrategia.com\/portal\/noticias\/colegios-militares-2026-veja-os-resultados-dos-pedidos-de-isencao-de-taxa\/","url":"https:\/\/militares.estrategia.com\/portal\/noticias\/colegios-militares-2026-veja-os-resultados-dos-pedidos-de-isencao-de-taxa\/","name":"Estrat\u00e9gia Militares","isPartOf":{"@id":"https:\/\/militares.estrategia.com\/portal\/#website"},"primaryImageOfPage":{"@id":"https:\/\/militares.estrategia.com\/portal\/noticias\/colegios-militares-2026-veja-os-resultados-dos-pedidos-de-isencao-de-taxa\/#primaryimage"},"image":{"@id":"https:\/\/militares.estrategia.com\/portal\/noticias\/colegios-militares-2026-veja-os-resultados-dos-pedidos-de-isencao-de-taxa\/#primaryimage"},"thumbnailUrl":"https:\/\/militares.estrategia.com\/portal\/wp-content\/uploads\/2021\/08\/Capa-colegios-militares.jpg","datePublished":"2026-09-04T17:54:57+00:00","dateModified":"2026-09-04T17:59:25+00:00","description":"Veja o resultado dos pedidos de isen\u00e7\u00e3o de pagamento de taxa de inscri\u00e7\u00e3o do Concurso Col\u00e9gio Militar 2026!","breadcrumb":{"@id":"https:\/\/militares.estrategia.com\/portal\/noticias\/colegios-militares-2026-veja-os-resultados-dos-pedidos-de-isencao-de-taxa\/#breadcrumb"},"inLanguage":"pt-BR","potentialAction":[{"@type":"ReadAction","target":["https:\/\/militares.estrategia.com\/portal\/noticias\/colegios-militares-2026-veja-os-resultados-dos-pedidos-de-isencao-de-taxa\/"]}]},{"@type":"ImageObject","inLanguage":"pt-BR","@id":"https:\/\/militares.estrategia.com\/portal\/noticias\/colegios-militares-2026-veja-os-resultados-dos-pedidos-de-isencao-de-taxa\/#primaryimage","url":"https:\/\/militares.estrategia.com\/portal\/wp-content\/uploads\/2021\/08\/Capa-colegios-militares.jpg","contentUrl":"https:\/\/militares.estrategia.com\/portal\/wp-content\/uploads\/2021\/08\/Capa-colegios-militares.jpg","width":750,"height":420,"caption":"col\u00e9gio militar"},{"@type":"BreadcrumbList","@id":"https:\/\/militares.estrategia.com\/portal\/noticias\/colegios-militares-2026-veja-os-resultados-dos-pedidos-de-isencao-de-taxa\/#breadcrumb","itemListElement":[{"@type":"ListItem","position":1,"name":"Home","item":"https:\/\/militares.estrategia.com\/portal\/"},{"@type":"ListItem","position":2,"name":"Not\u00edcias","item":"https:\/\/militares.estrategia.com\/portal\/noticias\/"},{"@type":"ListItem","position":3,"name":"Col\u00e9gio Militar 2026: veja os resultados dos pedidos de isen\u00e7\u00e3o de taxa"}]},{"@type":"WebSite","@id":"https:\/\/militares.estrategia.com\/portal\/#website","url":"https:\/\/militares.estrategia.com\/portal\/","name":"Estrat\u00e9gia Militares","description":"","publisher":{"@id":"https:\/\/militares.estrategia.com\/portal\/#organization"},"potentialAction":[{"@type":"SearchAction","target":{"@type":"EntryPoint","urlTemplate":"https:\/\/militares.estrategia.com\/portal\/?s={search_term_string}"},"query-input":{"@type":"PropertyValueSpecification","valueRequired":true,"valueName":"search_term_string"}}],"inLanguage":"pt-BR"},{"@type":"Organization","@id":"https:\/\/militares.estrategia.com\/portal\/#organization","name":"Estrat\u00e9gia Militares","url":"https:\/\/militares.estrategia.com\/portal\/","logo":{"@type":"ImageObject","inLanguage":"pt-BR","@id":"https:\/\/militares.estrategia.com\/portal\/#\/schema\/logo\/image\/","url":"https:\/\/militares.estrategia.com\/portal\/wp-content\/uploads\/2021\/10\/logo-militares.webp","contentUrl":"https:\/\/militares.estrategia.com\/portal\/wp-content\/uploads\/2021\/10\/logo-militares.webp","width":346,"height":90,"caption":"Estrat\u00e9gia Militares"},"image":{"@id":"https:\/\/militares.estrategia.com\/portal\/#\/schema\/logo\/image\/"},"sameAs":["https:\/\/www.facebook.com\/EstrategiaMilitares","https:\/\/x.com\/estrategiamilit","https:\/\/www.instagram.com\/estrategiamilitares\/","https:\/\/www.youtube.com\/channel\/UCRG_9hakCqXxnj_8TqCdgTA"]},{"@type":"Person","@id":"https:\/\/militares.estrategia.com\/portal\/#\/schema\/person\/5cfd387108cd0cdefab7eea7a9735dcc","name":"Vanesca Soares","image":{"@type":"ImageObject","inLanguage":"pt-BR","@id":"https:\/\/militares.estrategia.com\/portal\/#\/schema\/person\/image\/","url":"https:\/\/militares.estrategia.com\/portal\/wp-content\/uploads\/2021\/10\/FB_IMG_1634215702135-150x150.webp","contentUrl":"https:\/\/militares.estrategia.com\/portal\/wp-content\/uploads\/2021\/10\/FB_IMG_1634215702135-150x150.webp","caption":"Vanesca Soares"},"description":"Vanesca Soares foi Primeiro Tenente da Marinha do Brasil. Jornalista de forma\u00e7\u00e3o, ama todas as artes, principalmente a Literatura e o Cinema. Capaz de ficar em casa lendo um bom livro ao inv\u00e9s de ir para a balada, entende que ler \u00e9 uma grande viagem. Ama filmes hist\u00f3ricos, biografias, drama, thrillers, terror e tudo sobre os anos 1980. Principalmente a m\u00fasica!","url":"https:\/\/militares.estrategia.com\/portal\/author\/vanesca-soares\/"}]}},"_links":{"self":[{"href":"https:\/\/militares.estrategia.com\/portal\/wp-json\/wp\/v2\/posts\/101386","targetHints":{"allow":["GET"]}}],"collection":[{"href":"https:\/\/militares.estrategia.com\/portal\/wp-json\/wp\/v2\/posts"}],"about":[{"href":"https:\/\/militares.estrategia.com\/portal\/wp-json\/wp\/v2\/types\/post"}],"author":[{"embeddable":true,"href":"https:\/\/militares.estrategia.com\/portal\/wp-json\/wp\/v2\/users\/58"}],"replies":[{"embeddable":true,"href":"https:\/\/militares.estrategia.com\/portal\/wp-json\/wp\/v2\/comments?post=101386"}],"version-history":[{"count":7,"href":"https:\/\/militares.estrategia.com\/portal\/wp-json\/wp\/v2\/posts\/101386\/revisions"}],"predecessor-version":[{"id":101401,"href":"https:\/\/militares.estrategia.com\/portal\/wp-json\/wp\/v2\/posts\/101386\/revisions\/101401"}],"wp:featuredmedia":[{"embeddable":true,"href":"https:\/\/militares.estrategia.com\/portal\/wp-json\/wp\/v2\/media\/46829"}],"wp:attachment":[{"href":"https:\/\/militares.estrategia.com\/portal\/wp-json\/wp\/v2\/media?parent=101386"}],"wp:term":[{"taxonomy":"category","embeddable":true,"href":"https:\/\/militares.estrategia.com\/portal\/wp-json\/wp\/v2\/categories?post=101386"},{"taxonomy":"post_tag","embeddable":true,"href":"https:\/\/militares.estrategia.com\/portal\/wp-json\/wp\/v2\/tags?post=101386"}],"curies":[{"name":"wp","href":"https:\/\/api.w.org\/{rel}","templated":true}]}}