{"id":101353,"date":"2026-09-02T18:42:46","date_gmt":"2026-09-02T21:42:46","guid":{"rendered":"https:\/\/militares.estrategia.com\/portal\/?p=101353"},"modified":"2026-09-02T18:44:24","modified_gmt":"2026-09-02T21:44:24","slug":"marinha-realizara-sua-1a-feira-de-profissoes-no-rio-de-janeiro","status":"publish","type":"post","link":"https:\/\/militares.estrategia.com\/portal\/atualidades\/marinha-realizara-sua-1a-feira-de-profissoes-no-rio-de-janeiro\/","title":{"rendered":"Marinha realizar\u00e1 sua 1a Feira de Profiss\u00f5es no Rio de Janeiro!"},"content":{"rendered":"\n<p class=\"wp-block-paragraph\">No dia 11 de setembro de 2026, a Escola Naval (EN), localizada no Centro do Rio de Janeiro, ser\u00e1 palco de um evento in\u00e9dito: o <strong>\u201cVem pra Marinha \u2013 Feira de Profiss\u00f5es \u2013 Um Mar de Possibilidades\u201d<\/strong>. <\/p>\n\n\n\n<p class=\"wp-block-paragraph\">Gratuito e aberto ao p\u00fablico, o encontro tem como principal objetivo apresentar 20 diferentes formas de ingresso na For\u00e7a Naval, reunindo em um s\u00f3 lugar todas as orienta\u00e7\u00f5es para quem deseja seguir a carreira militar. As informa\u00e7\u00f5es foram divulgadas pela <strong>Ag\u00eancia Marinha de Not\u00edcias<\/strong>. Saiba mais a seguir! <\/p>\n\n\n<div id=\"new-form\">\n\t<form id=\"forms_layout\">\n\t<input type=\"hidden\" id=\"chave_de\" name=\"chave_de\" value=\"01_EMIL_LEADS_TOTAIS\" \/>\n\t\t<input type=\"hidden\" id=\"mid\" name=\"mid\" value=\"515009017\" \/>\n\t\t<input type=\"hidden\" id=\"Objetivo\" name=\"Objetivo\" value=\"Militares\" \/>\n\t\t<input type=\"hidden\" id=\"Estado_de_Origem_do_IP\" name=\"Estado_de_Origem_do_IP\"  value=\"\" \/>\n\t\t<input type=\"hidden\" id=\"Cidade_de_Origem_do_IP\" name=\"Cidade_de_Origem_do_IP\" value=\"\" \/>\n\t\t<input type=\"hidden\" id=\"Modo_de_entrada\" name=\"Modo_de_entrada\" value=\"Portal\" \/>\n\t\t<input type=\"hidden\" id=\"Pagina_Origem\" name=\"Pagina_Origem\" value=\"\" \/>\n\n\t\t<div class=\"texto\">\n\t\t\t<h3 class=\"news\">Inscreva-se em nossa newsletter!<\/h3>\n\t\t\t<p>Receba not\u00edcias sobre os mais importantes concursos para as For\u00e7as Armadas brasileiras e informa\u00e7\u00f5es sobre o mundo militar!<\/p>\n\t\t<\/div>\n\t\t<div class=\"campos\">\n\t\t\t<div class=\"first_name labels\">\n\t\t\t\t<input type=\"text\" class=\"input_labels\" id=\"first_name\" name=\"Nome_Completo\" placeholder=\"Nome\" required \/>\n\t\t\t<\/div>\n\t\t\t<div class=\"email labels\">\n\t\t\t\t<input type=\"email\" class=\"input_labels\" id=\"email\" name=\"Email\" placeholder=\"E-mail\" required \/>\n\t\t\t<\/div>\n\t\t\t<button type=\"submit\" class=\"button_layout\">\n\t\t\t\t<div id=\"lblBotao\">Inscreva-se<\/div>\n\t\t\t\t<span id=\"divSpiner\" class=\"loader\" role=\"status\" style=\"display: none;\"><\/span>\t\n\t\t\t<\/button>\n\t\t<\/div><!-- \/campos -->\n\t\t\n\t\t<label class=\"container_checkbox\">Voc\u00ea concorda com a nossa\n\t\t\t<a class=\"politics_privacy_ahref\" target=\"_blank\" href=\"https:\/\/gratis.estrategiaconcursos.com.br\/politica-de-privacidade\/\">Pol\u00edtica de Privacidade<\/a> e aceita receber informa\u00e7\u00f5es adicionais do Estrat\u00e9gia Educacional.\n\t\t\t<input id=\"checkbox_layout\" type=\"checkbox\" checked=\"checked\" required \/>\n\t\t\t<span class=\"checkbox\"><\/span>\n\t\t<\/label>\n\t\t<div id=\"msg\"><\/div>\n\t\t<div id=\"error\" class=\"error\">\n\t\t<\/div>\n\t<\/form>\n<\/div><!-- \/new-form -->\n\n\n\n<div id=\"ez-toc-container\" class=\"ez-toc-v2_0_86 counter-hierarchy ez-toc-counter ez-toc-transparent ez-toc-container-direction\">\n<div class=\"ez-toc-title-container\"><p class=\"ez-toc-title\" style=\"cursor:inherit\">Navegue pelo conte\u00fado\t<\/p>\n<\/div><nav><ul class='ez-toc-list ez-toc-list-level-1 ' ><li class='ez-toc-page-1 ez-toc-heading-level-2'><a class=\"ez-toc-link ez-toc-heading-1\" href=\"https:\/\/militares.estrategia.com\/portal\/atualidades\/marinha-realizara-sua-1a-feira-de-profissoes-no-rio-de-janeiro\/#Oportunidades-para-diferentes-niveis-de-escolaridade\" >Oportunidades para diferentes n\u00edveis de escolaridade<\/a><\/li><li class='ez-toc-page-1 ez-toc-heading-level-2'><a class=\"ez-toc-link ez-toc-heading-2\" href=\"https:\/\/militares.estrategia.com\/portal\/atualidades\/marinha-realizara-sua-1a-feira-de-profissoes-no-rio-de-janeiro\/#Programacao-e-atividades-da-feira\" >Programa\u00e7\u00e3o e atividades da feira<\/a><\/li><li class='ez-toc-page-1 ez-toc-heading-level-2'><a class=\"ez-toc-link ez-toc-heading-3\" href=\"https:\/\/militares.estrategia.com\/portal\/atualidades\/marinha-realizara-sua-1a-feira-de-profissoes-no-rio-de-janeiro\/#Aproximacao-com-a-Sociedade\" >Aproxima\u00e7\u00e3o com a Sociedade<\/a><\/li><li class='ez-toc-page-1 ez-toc-heading-level-2'><a class=\"ez-toc-link ez-toc-heading-4\" href=\"https:\/\/militares.estrategia.com\/portal\/atualidades\/marinha-realizara-sua-1a-feira-de-profissoes-no-rio-de-janeiro\/#Servico-tudo-o-que-voce-precisa-saber\" >Servi\u00e7o: tudo o que voc\u00ea precisa saber<\/a><\/li><\/ul><\/nav><\/div>\n<h2 id=\"h-oportunidades-para-diferentes-niveis-de-escolaridade\" class=\"wp-block-heading\"><span class=\"ez-toc-section\" id=\"Oportunidades-para-diferentes-niveis-de-escolaridade\"><\/span><strong>Oportunidades para diferentes n\u00edveis de escolaridade<\/strong><span class=\"ez-toc-section-end\"><\/span><\/h2>\n\n\n\n<p class=\"wp-block-paragraph\">A Marinha do Brasil (MB) oferece caminhos de ingresso que contemplam candidatos com os mais variados n\u00edveis de escolaridade \u2014 desde o ensino fundamental at\u00e9 o ensino superior, incluindo tamb\u00e9m forma\u00e7\u00f5es de n\u00edvel t\u00e9cnico.<\/p>\n\n\n\n<p class=\"wp-block-paragraph\">Durante a Feira de Profiss\u00f5es, os visitantes poder\u00e3o explorar possibilidades de carreira em \u00e1reas essenciais, tais como:<\/p>\n\n\n\n<ul class=\"wp-block-list\">\n<li>Sa\u00fade;<\/li>\n\n\n\n<li>Engenharia;<\/li>\n\n\n\n<li>Tecnologia da Informa\u00e7\u00e3o;<\/li>\n\n\n\n<li>Administra\u00e7\u00e3o;<\/li>\n\n\n\n<li>Direito; e<\/li>\n\n\n\n<li>Comunica\u00e7\u00e3o.<\/li>\n<\/ul>\n\n\n\n<p class=\"wp-block-paragraph\">Al\u00e9m disso, o evento trar\u00e1 detalhes sobre as tradicionais portas de entrada da For\u00e7a: o <strong>Col\u00e9gio Naval<\/strong> e a <strong>Escola Naval<\/strong>. O p\u00fablico ter\u00e1 a chance de conhecer as op\u00e7\u00f5es mais alinhadas \u00e0 sua escolaridade atual, compreendendo os requisitos exigidos, as etapas dos processos seletivos e os per\u00edodos de forma\u00e7\u00e3o espec\u00edficos para cada \u00e1rea.<\/p>\n\n\n\n<h2 id=\"h-programacao-e-atividades-da-feira\" class=\"wp-block-heading\"><span class=\"ez-toc-section\" id=\"Programacao-e-atividades-da-feira\"><\/span><strong>Programa\u00e7\u00e3o e atividades da feira<\/strong><span class=\"ez-toc-section-end\"><\/span><\/h2>\n\n\n\n<p class=\"wp-block-paragraph\">A programa\u00e7\u00e3o foi elaborada para proporcionar uma experi\u00eancia imersiva aos participantes. Entre as atividades previstas est\u00e3o palestras informativas, estandes tem\u00e1ticos, distribui\u00e7\u00e3o de materiais institucionais e a apresenta\u00e7\u00e3o detalhada das carreiras, cursos e especialidades da MB.<\/p>\n\n\n\n<p class=\"wp-block-paragraph\">As atividades ocorrer\u00e3o nos per\u00edodos da manh\u00e3 e da tarde (das 9h \u00e0s 16h), e os interessados poder\u00e3o escolher um dos turnos no momento em que realizarem a inscri\u00e7\u00e3o online.<\/p>\n\n\n\n<h2 id=\"h-aproximacao-com-a-sociedade\" class=\"wp-block-heading\"><span class=\"ez-toc-section\" id=\"Aproximacao-com-a-Sociedade\"><\/span><strong>Aproxima\u00e7\u00e3o com a Sociedade<\/strong><span class=\"ez-toc-section-end\"><\/span><\/h2>\n\n\n\n<p class=\"wp-block-paragraph\">Segundo o Diretor do Centro de Comunica\u00e7\u00e3o Estrat\u00e9gica da Marinha (CCEM), Vice-Almirante Vagner Belarmino de Oliveira, a feira \u00e9 uma excelente oportunidade para estabelecer um contato direto da sociedade com os militares de diferentes setores da Institui\u00e7\u00e3o.<\/p>\n\n\n\n<p class=\"wp-block-paragraph\">\u201cA expectativa \u00e9 aproximar ainda mais a Marinha do Brasil da sociedade e oferecer ao p\u00fablico a oportunidade de conhecer, em um mesmo espa\u00e7o, as diferentes formas de ingresso e as possibilidades de atua\u00e7\u00e3o profissional na For\u00e7a. Queremos que os visitantes tenham acesso a informa\u00e7\u00f5es claras sobre os processos seletivos, conhe\u00e7am a diversidade de \u00e1reas em que \u00e9 poss\u00edvel construir uma carreira na Marinha e possam esclarecer suas d\u00favidas diretamente com os nossos militares\u201d, destacou o Vice-Almirante.<\/p>\n\n\n\n<p class=\"wp-block-paragraph\">A Marinha lembra tamb\u00e9m que editais em andamento, requisitos, cronogramas e demais informa\u00e7\u00f5es sobre concursos continuam dispon\u00edveis para consulta no Portal de Concursos da Marinha do Brasil.<\/p>\n\n\n\n<h2 id=\"h-servico-tudo-o-que-voce-precisa-saber\" class=\"wp-block-heading\"><span class=\"ez-toc-section\" id=\"Servico-tudo-o-que-voce-precisa-saber\"><\/span><strong>Servi\u00e7o: tudo o que voc\u00ea precisa saber<\/strong><span class=\"ez-toc-section-end\"><\/span><\/h2>\n\n\n\n<ul class=\"wp-block-list\">\n<li><strong>Evento:<\/strong> Vem pra Marinha \u2013 Feira de Profiss\u00f5es \u2013 Um Mar de Possibilidades<\/li>\n\n\n\n<li><strong>Data:<\/strong> 11 de setembro de 2026<\/li>\n\n\n\n<li><strong>Hor\u00e1rio:<\/strong> 9h \u00e0s 16h (com escolha para o per\u00edodo da manh\u00e3 ou da tarde)<\/li>\n\n\n\n<li><strong>Local:<\/strong> Escola Naval<\/li>\n\n\n\n<li><strong>Endere\u00e7o:<\/strong> Avenida Almirante Silvio de Noronha, s\/n\u00ba, Centro, Rio de Janeiro (RJ)<\/li>\n\n\n\n<li><strong>Entrada:<\/strong> Gratuita<\/li>\n\n\n\n<li><strong>Inscri\u00e7\u00f5es:<\/strong> Podem ser feitas atrav\u00e9s da plataforma <strong>Sympla<a href=\"https:\/\/www.sympla.com.br\/evento\/vem-pra-marinha-feira-de-profissoes\/3519060\" target=\"_blank\" > clicando neste link oficial<\/a>.<\/strong><\/li>\n\n\n\n<li><strong>Fonte das Informa\u00e7\u00f5es:<\/strong> Ag\u00eancia Marinha de Not\u00edcias <\/li>\n<\/ul>\n\n\n\n<h3 id=\"h-prepare-se-com-o-estrategia-militares\" class=\"wp-block-heading\"><strong>Prepare-se com o Estrat\u00e9gia Militares!<\/strong><\/h3>\n\n\n\n<p class=\"wp-block-paragraph\">Ficou inspirado com as diversas possibilidades de carreira apresentadas na Feira de Profiss\u00f5es da Marinha? Ent\u00e3o chegou a hora de dar o primeiro passo rumo \u00e0 sua aprova\u00e7\u00e3o!<\/p>\n\n\n\n<p class=\"wp-block-paragraph\">Conhe\u00e7a os <strong>cursos do Estrat\u00e9gia Militares<\/strong> para ingresso na Marinha do Brasil. Oferecemos material did\u00e1tico 100% atualizado, videoaulas exclusivas, f\u00f3rum de d\u00favidas e simulados in\u00e9ditos focados nos processos seletivos do Col\u00e9gio Naval, da Escola Naval, e de diversos outros concursos das For\u00e7as Armadas. N\u00e3o perca tempo: estude com a Coruja e conquiste a sua vaga!<\/p>\n\n\n\n<p class=\"wp-block-paragraph\"><div class=\"cta-medio\" style=\"background-image: url(https:\/\/militares.estrategia.com\/portal\/wp-content\/uploads\/2026\/03\/EM-CTA-BANCO-DE-QUESTOES.jpg);\"><h3>O maior banco de quest\u00f5es militares<\/h3> <p>Quero assinar agora<\/p><div class=\"cta-botao\"><a id=\"cta-medio\" href=\"https:\/\/militares.estrategia.com\/concursos\/cursos\/banco-de-questoes?utm_source=portal&utm_medium=post&utm_campaign=em-x-vd-seo-portal-v\" target=\"_blank\" style=\"background:#17494e\">Saiba mais<\/a><\/div><\/div>\n","protected":false},"excerpt":{"rendered":"No dia 11 de setembro de 2026, a Escola Naval (EN), localizada no Centro do Rio de Janeiro,&hellip;\n","protected":false},"author":11,"featured_media":101355,"comment_status":"closed","ping_status":"closed","sticky":false,"template":"","format":"standard","meta":{"wl_entities_gutenberg":"","footnotes":""},"categories":[39],"tags":[64,330,162,161],"wl_entity_type":[187],"class_list":["post-101353","post","type-post","status-publish","format-standard","has-post-thumbnail","category-atualidades","tag-marinhadobrasil","tag-330","tag-carreiramilitar","tag-concursosmilitares","wl_entity_type-article"],"acf":[],"yoast_head":"<!-- This site is optimized with the Yoast SEO Premium plugin v26.6 (Yoast SEO v26.6) - https:\/\/yoast.com\/wordpress\/plugins\/seo\/ -->\n<title>Marinha realizar\u00e1 sua 1a Feira de Profiss\u00f5es no Rio de Janeiro!<\/title>\n<meta name=\"description\" content=\"Saiba todas as informa\u00e7\u00f5es sobre a 1a Feira de Profiss\u00f5es da Marinha Brasil, que ser\u00e1 realizada em setembro no Rio de Janeiro!\" \/>\n<meta name=\"robots\" content=\"index, follow, max-snippet:-1, max-image-preview:large, max-video-preview:-1\" \/>\n<link rel=\"canonical\" href=\"https:\/\/militares.estrategia.com\/portal\/atualidades\/marinha-realizara-sua-1a-feira-de-profissoes-no-rio-de-janeiro\/\" \/>\n<meta property=\"og:locale\" content=\"pt_BR\" \/>\n<meta property=\"og:type\" content=\"article\" \/>\n<meta property=\"og:title\" content=\"Marinha realizar\u00e1 sua 1a Feira de Profiss\u00f5es no Rio de Janeiro!\" \/>\n<meta property=\"og:description\" content=\"Saiba todas as informa\u00e7\u00f5es sobre a 1a Feira de Profiss\u00f5es da Marinha Brasil, que ser\u00e1 realizada em setembro no Rio de Janeiro!\" \/>\n<meta property=\"og:url\" content=\"https:\/\/militares.estrategia.com\/portal\/atualidades\/marinha-realizara-sua-1a-feira-de-profissoes-no-rio-de-janeiro\/\" \/>\n<meta property=\"og:site_name\" content=\"Estrat\u00e9gia Militares\" \/>\n<meta property=\"article:publisher\" content=\"https:\/\/www.facebook.com\/EstrategiaMilitares\" \/>\n<meta property=\"article:published_time\" content=\"2026-09-02T21:42:46+00:00\" \/>\n<meta property=\"article:modified_time\" content=\"2026-09-02T21:44:24+00:00\" \/>\n<meta property=\"og:image\" content=\"https:\/\/militares.estrategia.com\/portal\/wp-content\/uploads\/2026\/09\/feira_profissoes.jpg\" \/>\n\t<meta property=\"og:image:width\" content=\"1400\" \/>\n\t<meta property=\"og:image:height\" content=\"733\" \/>\n\t<meta property=\"og:image:type\" content=\"image\/jpeg\" \/>\n<meta name=\"author\" content=\"Estrat\u00e9gia Militares\" \/>\n<meta name=\"twitter:card\" content=\"summary_large_image\" \/>\n<meta name=\"twitter:creator\" content=\"@estrategiamilit\" \/>\n<meta name=\"twitter:site\" content=\"@estrategiamilit\" \/>\n<meta name=\"twitter:label1\" content=\"Escrito por\" \/>\n\t<meta name=\"twitter:data1\" content=\"Estrat\u00e9gia Militares\" \/>\n\t<meta name=\"twitter:label2\" content=\"Est. tempo de leitura\" \/>\n\t<meta name=\"twitter:data2\" content=\"3 minutos\" \/>\n<script type=\"application\/ld+json\" class=\"yoast-schema-graph\">{\"@context\":\"https:\/\/schema.org\",\"@graph\":[{\"@type\":\"NewsArticle\",\"@id\":\"https:\/\/militares.estrategia.com\/portal\/atualidades\/marinha-realizara-sua-1a-feira-de-profissoes-no-rio-de-janeiro\/#article\",\"isPartOf\":{\"@id\":\"https:\/\/militares.estrategia.com\/portal\/atualidades\/marinha-realizara-sua-1a-feira-de-profissoes-no-rio-de-janeiro\/\"},\"author\":{\"name\":\"Estrat\u00e9gia Militares\",\"@id\":\"https:\/\/militares.estrategia.com\/portal\/#\/schema\/person\/896181038f5542906e5db6f7db222d7c\"},\"headline\":\"Marinha realizar\u00e1 sua 1a Feira de Profiss\u00f5es no Rio de Janeiro!\",\"datePublished\":\"2026-09-02T21:42:46+00:00\",\"dateModified\":\"2026-09-02T21:44:24+00:00\",\"mainEntityOfPage\":{\"@id\":\"https:\/\/militares.estrategia.com\/portal\/atualidades\/marinha-realizara-sua-1a-feira-de-profissoes-no-rio-de-janeiro\/\"},\"wordCount\":661,\"publisher\":{\"@id\":\"https:\/\/militares.estrategia.com\/portal\/#organization\"},\"image\":{\"@id\":\"https:\/\/militares.estrategia.com\/portal\/atualidades\/marinha-realizara-sua-1a-feira-de-profissoes-no-rio-de-janeiro\/#primaryimage\"},\"thumbnailUrl\":\"https:\/\/militares.estrategia.com\/portal\/wp-content\/uploads\/2026\/09\/feira_profissoes.jpg\",\"keywords\":[\"#marinhadobrasil\",\"2026\",\"carreiramilitar\",\"ConcursosMilitares\"],\"articleSection\":[\"Atualidades\"],\"inLanguage\":\"pt-BR\"},{\"@type\":\"WebPage\",\"@id\":\"https:\/\/militares.estrategia.com\/portal\/atualidades\/marinha-realizara-sua-1a-feira-de-profissoes-no-rio-de-janeiro\/\",\"url\":\"https:\/\/militares.estrategia.com\/portal\/atualidades\/marinha-realizara-sua-1a-feira-de-profissoes-no-rio-de-janeiro\/\",\"name\":\"Marinha realizar\u00e1 sua 1a Feira de Profiss\u00f5es no Rio de Janeiro!\",\"isPartOf\":{\"@id\":\"https:\/\/militares.estrategia.com\/portal\/#website\"},\"primaryImageOfPage\":{\"@id\":\"https:\/\/militares.estrategia.com\/portal\/atualidades\/marinha-realizara-sua-1a-feira-de-profissoes-no-rio-de-janeiro\/#primaryimage\"},\"image\":{\"@id\":\"https:\/\/militares.estrategia.com\/portal\/atualidades\/marinha-realizara-sua-1a-feira-de-profissoes-no-rio-de-janeiro\/#primaryimage\"},\"thumbnailUrl\":\"https:\/\/militares.estrategia.com\/portal\/wp-content\/uploads\/2026\/09\/feira_profissoes.jpg\",\"datePublished\":\"2026-09-02T21:42:46+00:00\",\"dateModified\":\"2026-09-02T21:44:24+00:00\",\"description\":\"Saiba todas as informa\u00e7\u00f5es sobre a 1a Feira de Profiss\u00f5es da Marinha Brasil, que ser\u00e1 realizada em setembro no Rio de Janeiro!\",\"breadcrumb\":{\"@id\":\"https:\/\/militares.estrategia.com\/portal\/atualidades\/marinha-realizara-sua-1a-feira-de-profissoes-no-rio-de-janeiro\/#breadcrumb\"},\"inLanguage\":\"pt-BR\",\"potentialAction\":[{\"@type\":\"ReadAction\",\"target\":[\"https:\/\/militares.estrategia.com\/portal\/atualidades\/marinha-realizara-sua-1a-feira-de-profissoes-no-rio-de-janeiro\/\"]}]},{\"@type\":\"ImageObject\",\"inLanguage\":\"pt-BR\",\"@id\":\"https:\/\/militares.estrategia.com\/portal\/atualidades\/marinha-realizara-sua-1a-feira-de-profissoes-no-rio-de-janeiro\/#primaryimage\",\"url\":\"https:\/\/militares.estrategia.com\/portal\/wp-content\/uploads\/2026\/09\/feira_profissoes.jpg\",\"contentUrl\":\"https:\/\/militares.estrategia.com\/portal\/wp-content\/uploads\/2026\/09\/feira_profissoes.jpg\",\"width\":1400,\"height\":733},{\"@type\":\"BreadcrumbList\",\"@id\":\"https:\/\/militares.estrategia.com\/portal\/atualidades\/marinha-realizara-sua-1a-feira-de-profissoes-no-rio-de-janeiro\/#breadcrumb\",\"itemListElement\":[{\"@type\":\"ListItem\",\"position\":1,\"name\":\"Home\",\"item\":\"https:\/\/militares.estrategia.com\/portal\/\"},{\"@type\":\"ListItem\",\"position\":2,\"name\":\"Atualidades\",\"item\":\"https:\/\/militares.estrategia.com\/portal\/atualidades\/\"},{\"@type\":\"ListItem\",\"position\":3,\"name\":\"Marinha realizar\u00e1 sua 1a Feira de Profiss\u00f5es no Rio de Janeiro!\"}]},{\"@type\":\"WebSite\",\"@id\":\"https:\/\/militares.estrategia.com\/portal\/#website\",\"url\":\"https:\/\/militares.estrategia.com\/portal\/\",\"name\":\"Estrat\u00e9gia Militares\",\"description\":\"\",\"publisher\":{\"@id\":\"https:\/\/militares.estrategia.com\/portal\/#organization\"},\"potentialAction\":[{\"@type\":\"SearchAction\",\"target\":{\"@type\":\"EntryPoint\",\"urlTemplate\":\"https:\/\/militares.estrategia.com\/portal\/?s={search_term_string}\"},\"query-input\":{\"@type\":\"PropertyValueSpecification\",\"valueRequired\":true,\"valueName\":\"search_term_string\"}}],\"inLanguage\":\"pt-BR\"},{\"@type\":\"Organization\",\"@id\":\"https:\/\/militares.estrategia.com\/portal\/#organization\",\"name\":\"Estrat\u00e9gia Militares\",\"url\":\"https:\/\/militares.estrategia.com\/portal\/\",\"logo\":{\"@type\":\"ImageObject\",\"inLanguage\":\"pt-BR\",\"@id\":\"https:\/\/militares.estrategia.com\/portal\/#\/schema\/logo\/image\/\",\"url\":\"https:\/\/militares.estrategia.com\/portal\/wp-content\/uploads\/2021\/10\/logo-militares.webp\",\"contentUrl\":\"https:\/\/militares.estrategia.com\/portal\/wp-content\/uploads\/2021\/10\/logo-militares.webp\",\"width\":346,\"height\":90,\"caption\":\"Estrat\u00e9gia Militares\"},\"image\":{\"@id\":\"https:\/\/militares.estrategia.com\/portal\/#\/schema\/logo\/image\/\"},\"sameAs\":[\"https:\/\/www.facebook.com\/EstrategiaMilitares\",\"https:\/\/x.com\/estrategiamilit\",\"https:\/\/www.instagram.com\/estrategiamilitares\/\",\"https:\/\/www.youtube.com\/channel\/UCRG_9hakCqXxnj_8TqCdgTA\"]},{\"@type\":\"Person\",\"@id\":\"https:\/\/militares.estrategia.com\/portal\/#\/schema\/person\/896181038f5542906e5db6f7db222d7c\",\"name\":\"Estrat\u00e9gia Militares\",\"image\":{\"@type\":\"ImageObject\",\"inLanguage\":\"pt-BR\",\"@id\":\"https:\/\/militares.estrategia.com\/portal\/#\/schema\/person\/image\/\",\"url\":\"https:\/\/militares.estrategia.com\/portal\/wp-content\/uploads\/2021\/10\/favicon-militares-150x150.webp\",\"contentUrl\":\"https:\/\/militares.estrategia.com\/portal\/wp-content\/uploads\/2021\/10\/favicon-militares-150x150.webp\",\"caption\":\"Estrat\u00e9gia Militares\"},\"url\":\"https:\/\/militares.estrategia.com\/portal\/author\/estrategia-militares\/\"}]}<\/script>\n<!-- \/ Yoast SEO Premium plugin. -->","yoast_head_json":{"title":"Marinha realizar\u00e1 sua 1a Feira de Profiss\u00f5es no Rio de Janeiro!","description":"Saiba todas as informa\u00e7\u00f5es sobre a 1a Feira de Profiss\u00f5es da Marinha Brasil, que ser\u00e1 realizada em setembro no Rio de Janeiro!","robots":{"index":"index","follow":"follow","max-snippet":"max-snippet:-1","max-image-preview":"max-image-preview:large","max-video-preview":"max-video-preview:-1"},"canonical":"https:\/\/militares.estrategia.com\/portal\/atualidades\/marinha-realizara-sua-1a-feira-de-profissoes-no-rio-de-janeiro\/","og_locale":"pt_BR","og_type":"article","og_title":"Marinha realizar\u00e1 sua 1a Feira de Profiss\u00f5es no Rio de Janeiro!","og_description":"Saiba todas as informa\u00e7\u00f5es sobre a 1a Feira de Profiss\u00f5es da Marinha Brasil, que ser\u00e1 realizada em setembro no Rio de Janeiro!","og_url":"https:\/\/militares.estrategia.com\/portal\/atualidades\/marinha-realizara-sua-1a-feira-de-profissoes-no-rio-de-janeiro\/","og_site_name":"Estrat\u00e9gia Militares","article_publisher":"https:\/\/www.facebook.com\/EstrategiaMilitares","article_published_time":"2026-09-02T21:42:46+00:00","article_modified_time":"2026-09-02T21:44:24+00:00","og_image":[{"width":1400,"height":733,"url":"https:\/\/militares.estrategia.com\/portal\/wp-content\/uploads\/2026\/09\/feira_profissoes.jpg","type":"image\/jpeg"}],"author":"Estrat\u00e9gia Militares","twitter_card":"summary_large_image","twitter_creator":"@estrategiamilit","twitter_site":"@estrategiamilit","twitter_misc":{"Escrito por":"Estrat\u00e9gia Militares","Est. tempo de leitura":"3 minutos"},"schema":{"@context":"https:\/\/schema.org","@graph":[{"@type":"NewsArticle","@id":"https:\/\/militares.estrategia.com\/portal\/atualidades\/marinha-realizara-sua-1a-feira-de-profissoes-no-rio-de-janeiro\/#article","isPartOf":{"@id":"https:\/\/militares.estrategia.com\/portal\/atualidades\/marinha-realizara-sua-1a-feira-de-profissoes-no-rio-de-janeiro\/"},"author":{"name":"Estrat\u00e9gia Militares","@id":"https:\/\/militares.estrategia.com\/portal\/#\/schema\/person\/896181038f5542906e5db6f7db222d7c"},"headline":"Marinha realizar\u00e1 sua 1a Feira de Profiss\u00f5es no Rio de Janeiro!","datePublished":"2026-09-02T21:42:46+00:00","dateModified":"2026-09-02T21:44:24+00:00","mainEntityOfPage":{"@id":"https:\/\/militares.estrategia.com\/portal\/atualidades\/marinha-realizara-sua-1a-feira-de-profissoes-no-rio-de-janeiro\/"},"wordCount":661,"publisher":{"@id":"https:\/\/militares.estrategia.com\/portal\/#organization"},"image":{"@id":"https:\/\/militares.estrategia.com\/portal\/atualidades\/marinha-realizara-sua-1a-feira-de-profissoes-no-rio-de-janeiro\/#primaryimage"},"thumbnailUrl":"https:\/\/militares.estrategia.com\/portal\/wp-content\/uploads\/2026\/09\/feira_profissoes.jpg","keywords":["#marinhadobrasil","2026","carreiramilitar","ConcursosMilitares"],"articleSection":["Atualidades"],"inLanguage":"pt-BR"},{"@type":"WebPage","@id":"https:\/\/militares.estrategia.com\/portal\/atualidades\/marinha-realizara-sua-1a-feira-de-profissoes-no-rio-de-janeiro\/","url":"https:\/\/militares.estrategia.com\/portal\/atualidades\/marinha-realizara-sua-1a-feira-de-profissoes-no-rio-de-janeiro\/","name":"Marinha realizar\u00e1 sua 1a Feira de Profiss\u00f5es no Rio de Janeiro!","isPartOf":{"@id":"https:\/\/militares.estrategia.com\/portal\/#website"},"primaryImageOfPage":{"@id":"https:\/\/militares.estrategia.com\/portal\/atualidades\/marinha-realizara-sua-1a-feira-de-profissoes-no-rio-de-janeiro\/#primaryimage"},"image":{"@id":"https:\/\/militares.estrategia.com\/portal\/atualidades\/marinha-realizara-sua-1a-feira-de-profissoes-no-rio-de-janeiro\/#primaryimage"},"thumbnailUrl":"https:\/\/militares.estrategia.com\/portal\/wp-content\/uploads\/2026\/09\/feira_profissoes.jpg","datePublished":"2026-09-02T21:42:46+00:00","dateModified":"2026-09-02T21:44:24+00:00","description":"Saiba todas as informa\u00e7\u00f5es sobre a 1a Feira de Profiss\u00f5es da Marinha Brasil, que ser\u00e1 realizada em setembro no Rio de Janeiro!","breadcrumb":{"@id":"https:\/\/militares.estrategia.com\/portal\/atualidades\/marinha-realizara-sua-1a-feira-de-profissoes-no-rio-de-janeiro\/#breadcrumb"},"inLanguage":"pt-BR","potentialAction":[{"@type":"ReadAction","target":["https:\/\/militares.estrategia.com\/portal\/atualidades\/marinha-realizara-sua-1a-feira-de-profissoes-no-rio-de-janeiro\/"]}]},{"@type":"ImageObject","inLanguage":"pt-BR","@id":"https:\/\/militares.estrategia.com\/portal\/atualidades\/marinha-realizara-sua-1a-feira-de-profissoes-no-rio-de-janeiro\/#primaryimage","url":"https:\/\/militares.estrategia.com\/portal\/wp-content\/uploads\/2026\/09\/feira_profissoes.jpg","contentUrl":"https:\/\/militares.estrategia.com\/portal\/wp-content\/uploads\/2026\/09\/feira_profissoes.jpg","width":1400,"height":733},{"@type":"BreadcrumbList","@id":"https:\/\/militares.estrategia.com\/portal\/atualidades\/marinha-realizara-sua-1a-feira-de-profissoes-no-rio-de-janeiro\/#breadcrumb","itemListElement":[{"@type":"ListItem","position":1,"name":"Home","item":"https:\/\/militares.estrategia.com\/portal\/"},{"@type":"ListItem","position":2,"name":"Atualidades","item":"https:\/\/militares.estrategia.com\/portal\/atualidades\/"},{"@type":"ListItem","position":3,"name":"Marinha realizar\u00e1 sua 1a Feira de Profiss\u00f5es no Rio de Janeiro!"}]},{"@type":"WebSite","@id":"https:\/\/militares.estrategia.com\/portal\/#website","url":"https:\/\/militares.estrategia.com\/portal\/","name":"Estrat\u00e9gia Militares","description":"","publisher":{"@id":"https:\/\/militares.estrategia.com\/portal\/#organization"},"potentialAction":[{"@type":"SearchAction","target":{"@type":"EntryPoint","urlTemplate":"https:\/\/militares.estrategia.com\/portal\/?s={search_term_string}"},"query-input":{"@type":"PropertyValueSpecification","valueRequired":true,"valueName":"search_term_string"}}],"inLanguage":"pt-BR"},{"@type":"Organization","@id":"https:\/\/militares.estrategia.com\/portal\/#organization","name":"Estrat\u00e9gia Militares","url":"https:\/\/militares.estrategia.com\/portal\/","logo":{"@type":"ImageObject","inLanguage":"pt-BR","@id":"https:\/\/militares.estrategia.com\/portal\/#\/schema\/logo\/image\/","url":"https:\/\/militares.estrategia.com\/portal\/wp-content\/uploads\/2021\/10\/logo-militares.webp","contentUrl":"https:\/\/militares.estrategia.com\/portal\/wp-content\/uploads\/2021\/10\/logo-militares.webp","width":346,"height":90,"caption":"Estrat\u00e9gia Militares"},"image":{"@id":"https:\/\/militares.estrategia.com\/portal\/#\/schema\/logo\/image\/"},"sameAs":["https:\/\/www.facebook.com\/EstrategiaMilitares","https:\/\/x.com\/estrategiamilit","https:\/\/www.instagram.com\/estrategiamilitares\/","https:\/\/www.youtube.com\/channel\/UCRG_9hakCqXxnj_8TqCdgTA"]},{"@type":"Person","@id":"https:\/\/militares.estrategia.com\/portal\/#\/schema\/person\/896181038f5542906e5db6f7db222d7c","name":"Estrat\u00e9gia Militares","image":{"@type":"ImageObject","inLanguage":"pt-BR","@id":"https:\/\/militares.estrategia.com\/portal\/#\/schema\/person\/image\/","url":"https:\/\/militares.estrategia.com\/portal\/wp-content\/uploads\/2021\/10\/favicon-militares-150x150.webp","contentUrl":"https:\/\/militares.estrategia.com\/portal\/wp-content\/uploads\/2021\/10\/favicon-militares-150x150.webp","caption":"Estrat\u00e9gia Militares"},"url":"https:\/\/militares.estrategia.com\/portal\/author\/estrategia-militares\/"}]}},"_wl_alt_label":[],"wl:entity_url":"https:\/\/data.wordlift.io\/wl110246\/post\/marinha-realizara-sua-1a-feira-de-profissoes-no-rio-de-janeiro-101353","_links":{"self":[{"href":"https:\/\/militares.estrategia.com\/portal\/wp-json\/wp\/v2\/posts\/101353","targetHints":{"allow":["GET"]}}],"collection":[{"href":"https:\/\/militares.estrategia.com\/portal\/wp-json\/wp\/v2\/posts"}],"about":[{"href":"https:\/\/militares.estrategia.com\/portal\/wp-json\/wp\/v2\/types\/post"}],"author":[{"embeddable":true,"href":"https:\/\/militares.estrategia.com\/portal\/wp-json\/wp\/v2\/users\/11"}],"replies":[{"embeddable":true,"href":"https:\/\/militares.estrategia.com\/portal\/wp-json\/wp\/v2\/comments?post=101353"}],"version-history":[{"count":1,"href":"https:\/\/militares.estrategia.com\/portal\/wp-json\/wp\/v2\/posts\/101353\/revisions"}],"predecessor-version":[{"id":101354,"href":"https:\/\/militares.estrategia.com\/portal\/wp-json\/wp\/v2\/posts\/101353\/revisions\/101354"}],"wp:featuredmedia":[{"embeddable":true,"href":"https:\/\/militares.estrategia.com\/portal\/wp-json\/wp\/v2\/media\/101355"}],"wp:attachment":[{"href":"https:\/\/militares.estrategia.com\/portal\/wp-json\/wp\/v2\/media?parent=101353"}],"wp:term":[{"taxonomy":"category","embeddable":true,"href":"https:\/\/militares.estrategia.com\/portal\/wp-json\/wp\/v2\/categories?post=101353"},{"taxonomy":"post_tag","embeddable":true,"href":"https:\/\/militares.estrategia.com\/portal\/wp-json\/wp\/v2\/tags?post=101353"},{"taxonomy":"wl_entity_type","embeddable":true,"href":"https:\/\/militares.estrategia.com\/portal\/wp-json\/wp\/v2\/wl_entity_type?post=101353"}],"curies":[{"name":"wp","href":"https:\/\/api.w.org\/{rel}","templated":true}]}}