{"id":101319,"date":"2026-08-31T16:24:42","date_gmt":"2026-08-31T19:24:42","guid":{"rendered":"https:\/\/militares.estrategia.com\/portal\/?p=101319"},"modified":"2026-08-31T16:24:47","modified_gmt":"2026-08-31T19:24:47","slug":"setembro-verde-e-amarelo-2026-conheca-as-vantagens-das-promocoes-do-estrategia-militares","status":"publish","type":"post","link":"https:\/\/militares.estrategia.com\/portal\/eventos\/setembro-verde-e-amarelo-2026-conheca-as-vantagens-das-promocoes-do-estrategia-militares\/","title":{"rendered":"Setembro Verde e Amarelo 2026: conhe\u00e7a as vantagens das promo\u00e7\u00f5es do Estrat\u00e9gia Militares!"},"content":{"rendered":"\n<p class=\"wp-block-paragraph\"><strong>Setembro \u00e9 o m\u00eas onde os brasileiros comemoram a independ\u00eancia do Brasil,<\/strong> que deixou de ser uma col\u00f4nia de Portugal. Assim como o nosso pa\u00eds, voc\u00ea pode dar o primeiro passo para se tornar independente neste m\u00eas! <strong>Fique ligado na promo\u00e7\u00e3o Setembro Verde e Amarelo do Estrat\u00e9gia Militares<\/strong>! Saiba mais a seguir!<\/p>\n\n\n<div id=\"new-form\">\n\t<form id=\"forms_layout\">\n\t<input type=\"hidden\" id=\"chave_de\" name=\"chave_de\" value=\"01_EMIL_LEADS_TOTAIS\" \/>\n\t\t<input type=\"hidden\" id=\"mid\" name=\"mid\" value=\"515009017\" \/>\n\t\t<input type=\"hidden\" id=\"Objetivo\" name=\"Objetivo\" value=\"Militares\" \/>\n\t\t<input type=\"hidden\" id=\"Estado_de_Origem_do_IP\" name=\"Estado_de_Origem_do_IP\"  value=\"\" \/>\n\t\t<input type=\"hidden\" id=\"Cidade_de_Origem_do_IP\" name=\"Cidade_de_Origem_do_IP\" value=\"\" \/>\n\t\t<input type=\"hidden\" id=\"Modo_de_entrada\" name=\"Modo_de_entrada\" value=\"Portal\" \/>\n\t\t<input type=\"hidden\" id=\"Pagina_Origem\" name=\"Pagina_Origem\" value=\"\" \/>\n\n\t\t<div class=\"texto\">\n\t\t\t<h3 class=\"news\">Inscreva-se em nossa newsletter!<\/h3>\n\t\t\t<p>Receba not\u00edcias sobre os mais importantes concursos para as For\u00e7as Armadas brasileiras e informa\u00e7\u00f5es sobre o mundo militar!<\/p>\n\t\t<\/div>\n\t\t<div class=\"campos\">\n\t\t\t<div class=\"first_name labels\">\n\t\t\t\t<input type=\"text\" class=\"input_labels\" id=\"first_name\" name=\"Nome_Completo\" placeholder=\"Nome\" required \/>\n\t\t\t<\/div>\n\t\t\t<div class=\"email labels\">\n\t\t\t\t<input type=\"email\" class=\"input_labels\" id=\"email\" name=\"Email\" placeholder=\"E-mail\" required \/>\n\t\t\t<\/div>\n\t\t\t<button type=\"submit\" class=\"button_layout\">\n\t\t\t\t<div id=\"lblBotao\">Inscreva-se<\/div>\n\t\t\t\t<span id=\"divSpiner\" class=\"loader\" role=\"status\" style=\"display: none;\"><\/span>\t\n\t\t\t<\/button>\n\t\t<\/div><!-- \/campos -->\n\t\t\n\t\t<label class=\"container_checkbox\">Voc\u00ea concorda com a nossa\n\t\t\t<a class=\"politics_privacy_ahref\" target=\"_blank\" href=\"https:\/\/gratis.estrategiaconcursos.com.br\/politica-de-privacidade\/\">Pol\u00edtica de Privacidade<\/a> e aceita receber informa\u00e7\u00f5es adicionais do Estrat\u00e9gia Educacional.\n\t\t\t<input id=\"checkbox_layout\" type=\"checkbox\" checked=\"checked\" required \/>\n\t\t\t<span class=\"checkbox\"><\/span>\n\t\t<\/label>\n\t\t<div id=\"msg\"><\/div>\n\t\t<div id=\"error\" class=\"error\">\n\t\t<\/div>\n\t<\/form>\n<\/div><!-- \/new-form -->\n\n\n\n<div id=\"ez-toc-container\" class=\"ez-toc-v2_0_86 counter-hierarchy ez-toc-counter ez-toc-transparent ez-toc-container-direction\">\n<div class=\"ez-toc-title-container\"><p class=\"ez-toc-title\" style=\"cursor:inherit\">Navegue pelo conte\u00fado\t<\/p>\n<\/div><nav><ul class='ez-toc-list ez-toc-list-level-1 ' ><li class='ez-toc-page-1 ez-toc-heading-level-2'><a class=\"ez-toc-link ez-toc-heading-1\" href=\"https:\/\/militares.estrategia.com\/portal\/eventos\/setembro-verde-e-amarelo-2026-conheca-as-vantagens-das-promocoes-do-estrategia-militares\/#Setembro-Verde-e-Amarelo-2026\" >Setembro Verde e Amarelo 2026<\/a><\/li><li class='ez-toc-page-1 ez-toc-heading-level-2'><a class=\"ez-toc-link ez-toc-heading-2\" href=\"https:\/\/militares.estrategia.com\/portal\/eventos\/setembro-verde-e-amarelo-2026-conheca-as-vantagens-das-promocoes-do-estrategia-militares\/#Quem-e-o-publico-alvo-do-Setembro-Verde-e-Amarelo\" >Quem \u00e9 o p\u00fablico-alvo do Setembro Verde e Amarelo?<\/a><\/li><li class='ez-toc-page-1 ez-toc-heading-level-2'><a class=\"ez-toc-link ez-toc-heading-3\" href=\"https:\/\/militares.estrategia.com\/portal\/eventos\/setembro-verde-e-amarelo-2026-conheca-as-vantagens-das-promocoes-do-estrategia-militares\/#Vantagens-do-Estrategia-Militares\" >Vantagens do Estrat\u00e9gia Militares<\/a><\/li><\/ul><\/nav><\/div>\n<h2 id=\"h-setembro-verde-e-amarelo-2026\" class=\"wp-block-heading\"><span class=\"ez-toc-section\" id=\"Setembro-Verde-e-Amarelo-2026\"><\/span>Setembro Verde e Amarelo 2026<span class=\"ez-toc-section-end\"><\/span><\/h2>\n\n\n\n<p class=\"wp-block-paragraph\">Al\u00e9m de setembro ser o m\u00eas de comemora\u00e7\u00e3o da Independ\u00eancia do Brasil, quem estuda para Concursos Militares sabe ser\u00e3o realizadas as <strong>provas da EsPCEx (12 e 13\/09) e da primeira fase do IME (20\/09).<\/strong><\/p>\n\n\n\n<p class=\"wp-block-paragraph\">Sendo assim, o Estrat\u00e9gia Militares resolveu presentear voc\u00ea! <strong>No dia 31 de agosto iremos lan\u00e7ar a promo\u00e7\u00e3o <em>Setembro Verde e Amarelo 2026<\/em>.<\/strong> Para lan\u00e7ar a campanha, ser\u00e1 realizada uma live em nosso\u00a0<a href=\"https:\/\/www.youtube.com\/@estrategiamilitares\" target=\"_blank\" >canal do YouTube<\/a>\u00a0nesta data, \u00e0s 20h.<\/p>\n\n\n\n<p class=\"wp-block-paragraph\">Clique abaixo para acessar a live:<\/p>\n\n\n\n<figure class=\"wp-block-embed aligncenter is-type-video is-provider-youtube wp-block-embed-youtube wp-embed-aspect-16-9 wp-has-aspect-ratio\"><div class=\"wp-block-embed__wrapper\">\n<div class=\"cs-embed cs-embed-responsive\"><iframe title=\"Setembro Verde e Amarelo - Independ\u00eancia se conquista. Classifica\u00e7\u00e3o tamb\u00e9m.\" width=\"1200\" height=\"675\" src=\"https:\/\/www.youtube.com\/embed\/IXYnNmna-qs?feature=oembed\" frameborder=\"0\" allow=\"accelerometer; autoplay; clipboard-write; encrypted-media; gyroscope; picture-in-picture; web-share\" referrerpolicy=\"strict-origin-when-cross-origin\" allowfullscreen><\/iframe><\/div>\n<\/div><\/figure>\n\n\n\n<h2 id=\"h-quem-e-o-publico-alvo-do-setembro-verde-e-amarelo\" class=\"wp-block-heading\"><span class=\"ez-toc-section\" id=\"Quem-e-o-publico-alvo-do-Setembro-Verde-e-Amarelo\"><\/span>Quem \u00e9 o p\u00fablico-alvo do Setembro Verde e Amarelo?<span class=\"ez-toc-section-end\"><\/span><\/h2>\n\n\n\n<p class=\"wp-block-paragraph\">Neste momento, voc\u00ea deve estar se perguntando: \u201cSer\u00e1 que essa promo\u00e7\u00e3o \u00e9 para mim?\u201d. Claro que sim! <strong>Se voc\u00ea sonha em se tornar um militar de carreira, o Setembro Verde e Amarelo pode ajudar voc\u00ea a conquist\u00e1-lo.<\/strong> A campanha tamb\u00e9m foi criada para:<\/p>\n\n\n\n<ul class=\"wp-block-list\">\n<li>Estudantes de <strong>9 a 40 anos<\/strong> para escolas militares;<br><\/li>\n\n\n\n<li>Pais de alunos de 9 a 25 anos;<br><\/li>\n\n\n\n<li>Candidatos reprovados nos concursos militares em 2026 e que querem recome\u00e7ar;<br><\/li>\n\n\n\n<li>Militares em busca de mudan\u00e7a de carreira;<br><\/li>\n\n\n\n<li>Alunos insatisfeitos com os cursos concorrentes; e<br><\/li>\n\n\n\n<li>Alunos de escolas que n\u00e3o se prepararam adequadamente.<\/li>\n<\/ul>\n\n\n\n<h2 id=\"h-vantagens-do-estrategia-militares\" class=\"wp-block-heading\"><span class=\"ez-toc-section\" id=\"Vantagens-do-Estrategia-Militares\"><\/span>Vantagens do Estrat\u00e9gia Militares<span class=\"ez-toc-section-end\"><\/span><\/h2>\n\n\n\n<p class=\"wp-block-paragraph\">Al\u00e9m de conquistar descontos, <strong>ao adquirir um curso do Estrat\u00e9gia Militares voc\u00ea estuda com quem \u00e9 l\u00edder no que vale: classifica\u00e7\u00e3o.<\/strong> Mas h\u00e1 outras vantagens para quem adquire nossa plataforma de ensino a dist\u00e2ncia (EAD):<\/p>\n\n\n\n<ul class=\"wp-block-list\">\n<li><strong>Tempo:<\/strong>\u00a0voc\u00ea consegue conciliar a escola com a prepara\u00e7\u00e3o para concursos. Incluindo quem j\u00e1 trabalha e t\u00eam compromissos com a fam\u00edlia;<\/li>\n\n\n\n<li><strong>Concorr\u00eancia:<\/strong>\u00a0a cada ano a disputa por uma vaga nas escolas militares fica maior. Como as provas tendem a ter um n\u00edvel repetitivo, as notas est\u00e3o subindo bastante. Nosso Banco de Quest\u00f5es e nossos cursos s\u00e3o a resposta para esse problema, pois trazem um conte\u00fado totalmente baseado nos editais dos seletivos;<\/li>\n\n\n\n<li><strong>Liberdade e autonomia:<\/strong>\u00a0voc\u00ea pode acessar o curso e o Banco de Quest\u00f5es de qualquer lugar, incluindo no aplicativo, que \u00e9 um diferencial competitivo enorme. Os Livros Digitais Interativos tamb\u00e9m s\u00e3o um diferencial, pois nenhum curso concorrente tem algo semelhante no momento;<\/li>\n\n\n\n<li><strong>Qualidade\/credibilidade:<\/strong>\u00a0o material do Estrat\u00e9gia Militares \u00e9, indiscutivelmente, o melhor do mercado. Nossa produ\u00e7\u00e3o de quest\u00f5es in\u00e9ditas \u00e9 bastante alta. Nossos resultados comprovam tudo isso.<\/li>\n\n\n\n<li><strong>Dinheiro:<\/strong>\u00a0o curso EAD do Estrat\u00e9gia Militares possibilita aos seus alunos que estudem com o l\u00edder de mercado por um valor justo; e<\/li>\n\n\n\n<li><strong>Garantia de satisfa\u00e7\u00e3o:<\/strong>\u00a0caso n\u00e3o se adeque ao EAD ou tenha algum outro problema que o deixe insatisfeito, voc\u00ea tem 7 dias de garantia, com devolu\u00e7\u00e3o integral do valor pago sem burocracia.<\/li>\n<\/ul>\n\n\n\n<p class=\"wp-block-paragraph\">Al\u00e9m disso o<strong> Estrat\u00e9gia Militares traz m\u00faltiplos benef\u00edcios em compara\u00e7\u00e3o com alguns dos nossos concorrentes.<\/strong><\/p>\n\n\n\n<ul class=\"wp-block-list\">\n<li><strong>Trilha de Estudos<\/strong>;<\/li>\n\n\n\n<li>Gerador autom\u00e1tico de cronograma de estudos,\u00a0 mapas mentais, resumos, flashcards e bullet points;<\/li>\n\n\n\n<li>Monitor de performance;<\/li>\n\n\n\n<li>Maior banco de quest\u00f5es (+ de <strong>110 mil<\/strong>);<\/li>\n\n\n\n<li>Corre\u00e7\u00e3o ilimitada de reda\u00e7\u00f5es;<\/li>\n\n\n\n<li>Material Did\u00e1tico Digital e Interativo;<\/li>\n\n\n\n<li>Estudo on-line: sem deslocamento, liberdade de hor\u00e1rio e escolha da disciplina;<\/li>\n\n\n\n<li>Custo muito menor, em rela\u00e7\u00e3o ao presencial;<\/li>\n\n\n\n<li>Qualidade e carga hor\u00e1ria superiores ao presencial;<\/li>\n\n\n\n<li>F\u00f3rum de d\u00favidas 24h\/dia;<\/li>\n\n\n\n<li>Sala de estudos e sala VIP com professores\/monitores;<\/li>\n\n\n\n<li>Encontros com psic\u00f3loga;<\/li>\n\n\n\n<li>Simulados autorais e comentados (alternativa por alternativa);<\/li>\n\n\n\n<li><strong>Cursos B\u00e1sicos<\/strong>: Ingl\u00eas, Matem\u00e1tica, Interpreta\u00e7\u00e3o de Texto e Reda\u00e7\u00e3o; e<\/li>\n\n\n\n<li>APP exclusivo.<\/li>\n<\/ul>\n\n\n\n<p class=\"wp-block-paragraph\">N\u00e3o perca mais tempo! <strong><a href=\"https:\/\/militares.estrategia.com\/\" target=\"_blank\" >Acesse nosso site<\/a><\/strong> e escolha o melhor curso para voc\u00ea realizar o seu sonho de se tornar um militar das For\u00e7as Armadas brasileiras. Clique no banner abaixo e saiba mais!<\/p>\n\n\n\n<p class=\"wp-block-paragraph\"><div class=\"cta-medio\" style=\"background-image: url(https:\/\/militares.estrategia.com\/portal\/wp-content\/uploads\/2026\/03\/EM-CTA-BANCO-DE-QUESTOES.jpg);\"><h3>O maior banco de quest\u00f5es militares<\/h3> <p>Quero assinar agora<\/p><div class=\"cta-botao\"><a id=\"cta-medio\" href=\"https:\/\/militares.estrategia.com\/concursos\/cursos\/banco-de-questoes?utm_source=portal&utm_medium=post&utm_campaign=em-x-vd-seo-portal-v\" target=\"_blank\" style=\"background:#17494e\">Saiba mais<\/a><\/div><\/div>\n","protected":false},"excerpt":{"rendered":"Setembro \u00e9 o m\u00eas onde os brasileiros comemoram a independ\u00eancia do Brasil, que deixou de ser uma col\u00f4nia&hellip;\n","protected":false},"author":58,"featured_media":101318,"comment_status":"closed","ping_status":"closed","sticky":false,"template":"","format":"standard","meta":{"wl_entities_gutenberg":"","footnotes":""},"categories":[27],"tags":[64,330,162,161,167,271],"wl_entity_type":[187],"class_list":["post-101319","post","type-post","status-publish","format-standard","has-post-thumbnail","category-eventos","tag-marinhadobrasil","tag-330","tag-carreiramilitar","tag-concursosmilitares","tag-exercito","tag-fab","wl_entity_type-article"],"acf":[],"yoast_head":"<!-- This site is optimized with the Yoast SEO Premium plugin v26.6 (Yoast SEO v26.6) - https:\/\/yoast.com\/wordpress\/plugins\/seo\/ -->\n<title>Setembro Verde e Amarelo 2026: conhe\u00e7a as vantagens das promo\u00e7\u00f5es do Estrat\u00e9gia Militares!<\/title>\n<meta name=\"robots\" content=\"index, follow, max-snippet:-1, max-image-preview:large, max-video-preview:-1\" \/>\n<link rel=\"canonical\" href=\"https:\/\/militares.estrategia.com\/portal\/eventos\/setembro-verde-e-amarelo-2026-conheca-as-vantagens-das-promocoes-do-estrategia-militares\/\" \/>\n<meta property=\"og:locale\" content=\"pt_BR\" \/>\n<meta property=\"og:type\" content=\"article\" \/>\n<meta property=\"og:title\" content=\"Setembro Verde e Amarelo 2026: conhe\u00e7a as vantagens das promo\u00e7\u00f5es do Estrat\u00e9gia Militares!\" \/>\n<meta property=\"og:description\" content=\"Setembro \u00e9 o m\u00eas onde os brasileiros comemoram a independ\u00eancia do Brasil, que deixou de ser uma col\u00f4nia&hellip;\" \/>\n<meta property=\"og:url\" content=\"https:\/\/militares.estrategia.com\/portal\/eventos\/setembro-verde-e-amarelo-2026-conheca-as-vantagens-das-promocoes-do-estrategia-militares\/\" \/>\n<meta property=\"og:site_name\" content=\"Estrat\u00e9gia Militares\" \/>\n<meta property=\"article:publisher\" content=\"https:\/\/www.facebook.com\/EstrategiaMilitares\" \/>\n<meta property=\"article:published_time\" content=\"2026-08-31T19:24:42+00:00\" \/>\n<meta property=\"article:modified_time\" content=\"2026-08-31T19:24:47+00:00\" \/>\n<meta property=\"og:image\" content=\"https:\/\/militares.estrategia.com\/portal\/wp-content\/uploads\/2026\/08\/Setembro-Verde-e-Amarelo-2026.jpg\" \/>\n\t<meta property=\"og:image:width\" content=\"1303\" \/>\n\t<meta property=\"og:image:height\" content=\"749\" \/>\n\t<meta property=\"og:image:type\" content=\"image\/jpeg\" \/>\n<meta name=\"author\" content=\"Vanesca Soares\" \/>\n<meta name=\"twitter:card\" content=\"summary_large_image\" \/>\n<meta name=\"twitter:creator\" content=\"@estrategiamilit\" \/>\n<meta name=\"twitter:site\" content=\"@estrategiamilit\" \/>\n<meta name=\"twitter:label1\" content=\"Escrito por\" \/>\n\t<meta name=\"twitter:data1\" content=\"Vanesca Soares\" \/>\n\t<meta name=\"twitter:label2\" content=\"Est. tempo de leitura\" \/>\n\t<meta name=\"twitter:data2\" content=\"3 minutos\" \/>\n<script type=\"application\/ld+json\" class=\"yoast-schema-graph\">{\"@context\":\"https:\/\/schema.org\",\"@graph\":[{\"@type\":\"Article\",\"@id\":\"https:\/\/militares.estrategia.com\/portal\/eventos\/setembro-verde-e-amarelo-2026-conheca-as-vantagens-das-promocoes-do-estrategia-militares\/#article\",\"isPartOf\":{\"@id\":\"https:\/\/militares.estrategia.com\/portal\/eventos\/setembro-verde-e-amarelo-2026-conheca-as-vantagens-das-promocoes-do-estrategia-militares\/\"},\"author\":{\"name\":\"Vanesca Soares\",\"@id\":\"https:\/\/militares.estrategia.com\/portal\/#\/schema\/person\/5cfd387108cd0cdefab7eea7a9735dcc\"},\"headline\":\"Setembro Verde e Amarelo 2026: conhe\u00e7a as vantagens das promo\u00e7\u00f5es do Estrat\u00e9gia Militares!\",\"datePublished\":\"2026-08-31T19:24:42+00:00\",\"dateModified\":\"2026-08-31T19:24:47+00:00\",\"mainEntityOfPage\":{\"@id\":\"https:\/\/militares.estrategia.com\/portal\/eventos\/setembro-verde-e-amarelo-2026-conheca-as-vantagens-das-promocoes-do-estrategia-militares\/\"},\"wordCount\":695,\"publisher\":{\"@id\":\"https:\/\/militares.estrategia.com\/portal\/#organization\"},\"image\":{\"@id\":\"https:\/\/militares.estrategia.com\/portal\/eventos\/setembro-verde-e-amarelo-2026-conheca-as-vantagens-das-promocoes-do-estrategia-militares\/#primaryimage\"},\"thumbnailUrl\":\"https:\/\/militares.estrategia.com\/portal\/wp-content\/uploads\/2026\/08\/Setembro-Verde-e-Amarelo-2026.jpg\",\"keywords\":[\"#marinhadobrasil\",\"2026\",\"carreiramilitar\",\"ConcursosMilitares\",\"Ex\u00e9rcito\",\"FAB\"],\"articleSection\":[\"Eventos\"],\"inLanguage\":\"pt-BR\"},{\"@type\":\"WebPage\",\"@id\":\"https:\/\/militares.estrategia.com\/portal\/eventos\/setembro-verde-e-amarelo-2026-conheca-as-vantagens-das-promocoes-do-estrategia-militares\/\",\"url\":\"https:\/\/militares.estrategia.com\/portal\/eventos\/setembro-verde-e-amarelo-2026-conheca-as-vantagens-das-promocoes-do-estrategia-militares\/\",\"name\":\"Setembro Verde e Amarelo 2026: conhe\u00e7a as vantagens das promo\u00e7\u00f5es do Estrat\u00e9gia Militares!\",\"isPartOf\":{\"@id\":\"https:\/\/militares.estrategia.com\/portal\/#website\"},\"primaryImageOfPage\":{\"@id\":\"https:\/\/militares.estrategia.com\/portal\/eventos\/setembro-verde-e-amarelo-2026-conheca-as-vantagens-das-promocoes-do-estrategia-militares\/#primaryimage\"},\"image\":{\"@id\":\"https:\/\/militares.estrategia.com\/portal\/eventos\/setembro-verde-e-amarelo-2026-conheca-as-vantagens-das-promocoes-do-estrategia-militares\/#primaryimage\"},\"thumbnailUrl\":\"https:\/\/militares.estrategia.com\/portal\/wp-content\/uploads\/2026\/08\/Setembro-Verde-e-Amarelo-2026.jpg\",\"datePublished\":\"2026-08-31T19:24:42+00:00\",\"dateModified\":\"2026-08-31T19:24:47+00:00\",\"breadcrumb\":{\"@id\":\"https:\/\/militares.estrategia.com\/portal\/eventos\/setembro-verde-e-amarelo-2026-conheca-as-vantagens-das-promocoes-do-estrategia-militares\/#breadcrumb\"},\"inLanguage\":\"pt-BR\",\"potentialAction\":[{\"@type\":\"ReadAction\",\"target\":[\"https:\/\/militares.estrategia.com\/portal\/eventos\/setembro-verde-e-amarelo-2026-conheca-as-vantagens-das-promocoes-do-estrategia-militares\/\"]}]},{\"@type\":\"ImageObject\",\"inLanguage\":\"pt-BR\",\"@id\":\"https:\/\/militares.estrategia.com\/portal\/eventos\/setembro-verde-e-amarelo-2026-conheca-as-vantagens-das-promocoes-do-estrategia-militares\/#primaryimage\",\"url\":\"https:\/\/militares.estrategia.com\/portal\/wp-content\/uploads\/2026\/08\/Setembro-Verde-e-Amarelo-2026.jpg\",\"contentUrl\":\"https:\/\/militares.estrategia.com\/portal\/wp-content\/uploads\/2026\/08\/Setembro-Verde-e-Amarelo-2026.jpg\",\"width\":1303,\"height\":749},{\"@type\":\"BreadcrumbList\",\"@id\":\"https:\/\/militares.estrategia.com\/portal\/eventos\/setembro-verde-e-amarelo-2026-conheca-as-vantagens-das-promocoes-do-estrategia-militares\/#breadcrumb\",\"itemListElement\":[{\"@type\":\"ListItem\",\"position\":1,\"name\":\"Home\",\"item\":\"https:\/\/militares.estrategia.com\/portal\/\"},{\"@type\":\"ListItem\",\"position\":2,\"name\":\"Eventos\",\"item\":\"https:\/\/militares.estrategia.com\/portal\/eventos\/\"},{\"@type\":\"ListItem\",\"position\":3,\"name\":\"Setembro Verde e Amarelo 2026: conhe\u00e7a as vantagens das promo\u00e7\u00f5es do Estrat\u00e9gia Militares!\"}]},{\"@type\":\"WebSite\",\"@id\":\"https:\/\/militares.estrategia.com\/portal\/#website\",\"url\":\"https:\/\/militares.estrategia.com\/portal\/\",\"name\":\"Estrat\u00e9gia Militares\",\"description\":\"\",\"publisher\":{\"@id\":\"https:\/\/militares.estrategia.com\/portal\/#organization\"},\"potentialAction\":[{\"@type\":\"SearchAction\",\"target\":{\"@type\":\"EntryPoint\",\"urlTemplate\":\"https:\/\/militares.estrategia.com\/portal\/?s={search_term_string}\"},\"query-input\":{\"@type\":\"PropertyValueSpecification\",\"valueRequired\":true,\"valueName\":\"search_term_string\"}}],\"inLanguage\":\"pt-BR\"},{\"@type\":\"Organization\",\"@id\":\"https:\/\/militares.estrategia.com\/portal\/#organization\",\"name\":\"Estrat\u00e9gia Militares\",\"url\":\"https:\/\/militares.estrategia.com\/portal\/\",\"logo\":{\"@type\":\"ImageObject\",\"inLanguage\":\"pt-BR\",\"@id\":\"https:\/\/militares.estrategia.com\/portal\/#\/schema\/logo\/image\/\",\"url\":\"https:\/\/militares.estrategia.com\/portal\/wp-content\/uploads\/2021\/10\/logo-militares.webp\",\"contentUrl\":\"https:\/\/militares.estrategia.com\/portal\/wp-content\/uploads\/2021\/10\/logo-militares.webp\",\"width\":346,\"height\":90,\"caption\":\"Estrat\u00e9gia Militares\"},\"image\":{\"@id\":\"https:\/\/militares.estrategia.com\/portal\/#\/schema\/logo\/image\/\"},\"sameAs\":[\"https:\/\/www.facebook.com\/EstrategiaMilitares\",\"https:\/\/x.com\/estrategiamilit\",\"https:\/\/www.instagram.com\/estrategiamilitares\/\",\"https:\/\/www.youtube.com\/channel\/UCRG_9hakCqXxnj_8TqCdgTA\"]},{\"@type\":\"Person\",\"@id\":\"https:\/\/militares.estrategia.com\/portal\/#\/schema\/person\/5cfd387108cd0cdefab7eea7a9735dcc\",\"name\":\"Vanesca Soares\",\"image\":{\"@type\":\"ImageObject\",\"inLanguage\":\"pt-BR\",\"@id\":\"https:\/\/militares.estrategia.com\/portal\/#\/schema\/person\/image\/\",\"url\":\"https:\/\/militares.estrategia.com\/portal\/wp-content\/uploads\/2021\/10\/FB_IMG_1634215702135-150x150.webp\",\"contentUrl\":\"https:\/\/militares.estrategia.com\/portal\/wp-content\/uploads\/2021\/10\/FB_IMG_1634215702135-150x150.webp\",\"caption\":\"Vanesca Soares\"},\"description\":\"Vanesca Soares foi Primeiro Tenente da Marinha do Brasil. Jornalista de forma\u00e7\u00e3o, ama todas as artes, principalmente a Literatura e o Cinema. Capaz de ficar em casa lendo um bom livro ao inv\u00e9s de ir para a balada, entende que ler \u00e9 uma grande viagem. Ama filmes hist\u00f3ricos, biografias, drama, thrillers, terror e tudo sobre os anos 1980. Principalmente a m\u00fasica!\",\"url\":\"https:\/\/militares.estrategia.com\/portal\/author\/vanesca-soares\/\"}]}<\/script>\n<!-- \/ Yoast SEO Premium plugin. -->","yoast_head_json":{"title":"Setembro Verde e Amarelo 2026: conhe\u00e7a as vantagens das promo\u00e7\u00f5es do Estrat\u00e9gia Militares!","robots":{"index":"index","follow":"follow","max-snippet":"max-snippet:-1","max-image-preview":"max-image-preview:large","max-video-preview":"max-video-preview:-1"},"canonical":"https:\/\/militares.estrategia.com\/portal\/eventos\/setembro-verde-e-amarelo-2026-conheca-as-vantagens-das-promocoes-do-estrategia-militares\/","og_locale":"pt_BR","og_type":"article","og_title":"Setembro Verde e Amarelo 2026: conhe\u00e7a as vantagens das promo\u00e7\u00f5es do Estrat\u00e9gia Militares!","og_description":"Setembro \u00e9 o m\u00eas onde os brasileiros comemoram a independ\u00eancia do Brasil, que deixou de ser uma col\u00f4nia&hellip;","og_url":"https:\/\/militares.estrategia.com\/portal\/eventos\/setembro-verde-e-amarelo-2026-conheca-as-vantagens-das-promocoes-do-estrategia-militares\/","og_site_name":"Estrat\u00e9gia Militares","article_publisher":"https:\/\/www.facebook.com\/EstrategiaMilitares","article_published_time":"2026-08-31T19:24:42+00:00","article_modified_time":"2026-08-31T19:24:47+00:00","og_image":[{"width":1303,"height":749,"url":"https:\/\/militares.estrategia.com\/portal\/wp-content\/uploads\/2026\/08\/Setembro-Verde-e-Amarelo-2026.jpg","type":"image\/jpeg"}],"author":"Vanesca Soares","twitter_card":"summary_large_image","twitter_creator":"@estrategiamilit","twitter_site":"@estrategiamilit","twitter_misc":{"Escrito por":"Vanesca Soares","Est. tempo de leitura":"3 minutos"},"schema":{"@context":"https:\/\/schema.org","@graph":[{"@type":"Article","@id":"https:\/\/militares.estrategia.com\/portal\/eventos\/setembro-verde-e-amarelo-2026-conheca-as-vantagens-das-promocoes-do-estrategia-militares\/#article","isPartOf":{"@id":"https:\/\/militares.estrategia.com\/portal\/eventos\/setembro-verde-e-amarelo-2026-conheca-as-vantagens-das-promocoes-do-estrategia-militares\/"},"author":{"name":"Vanesca Soares","@id":"https:\/\/militares.estrategia.com\/portal\/#\/schema\/person\/5cfd387108cd0cdefab7eea7a9735dcc"},"headline":"Setembro Verde e Amarelo 2026: conhe\u00e7a as vantagens das promo\u00e7\u00f5es do Estrat\u00e9gia Militares!","datePublished":"2026-08-31T19:24:42+00:00","dateModified":"2026-08-31T19:24:47+00:00","mainEntityOfPage":{"@id":"https:\/\/militares.estrategia.com\/portal\/eventos\/setembro-verde-e-amarelo-2026-conheca-as-vantagens-das-promocoes-do-estrategia-militares\/"},"wordCount":695,"publisher":{"@id":"https:\/\/militares.estrategia.com\/portal\/#organization"},"image":{"@id":"https:\/\/militares.estrategia.com\/portal\/eventos\/setembro-verde-e-amarelo-2026-conheca-as-vantagens-das-promocoes-do-estrategia-militares\/#primaryimage"},"thumbnailUrl":"https:\/\/militares.estrategia.com\/portal\/wp-content\/uploads\/2026\/08\/Setembro-Verde-e-Amarelo-2026.jpg","keywords":["#marinhadobrasil","2026","carreiramilitar","ConcursosMilitares","Ex\u00e9rcito","FAB"],"articleSection":["Eventos"],"inLanguage":"pt-BR"},{"@type":"WebPage","@id":"https:\/\/militares.estrategia.com\/portal\/eventos\/setembro-verde-e-amarelo-2026-conheca-as-vantagens-das-promocoes-do-estrategia-militares\/","url":"https:\/\/militares.estrategia.com\/portal\/eventos\/setembro-verde-e-amarelo-2026-conheca-as-vantagens-das-promocoes-do-estrategia-militares\/","name":"Setembro Verde e Amarelo 2026: conhe\u00e7a as vantagens das promo\u00e7\u00f5es do Estrat\u00e9gia Militares!","isPartOf":{"@id":"https:\/\/militares.estrategia.com\/portal\/#website"},"primaryImageOfPage":{"@id":"https:\/\/militares.estrategia.com\/portal\/eventos\/setembro-verde-e-amarelo-2026-conheca-as-vantagens-das-promocoes-do-estrategia-militares\/#primaryimage"},"image":{"@id":"https:\/\/militares.estrategia.com\/portal\/eventos\/setembro-verde-e-amarelo-2026-conheca-as-vantagens-das-promocoes-do-estrategia-militares\/#primaryimage"},"thumbnailUrl":"https:\/\/militares.estrategia.com\/portal\/wp-content\/uploads\/2026\/08\/Setembro-Verde-e-Amarelo-2026.jpg","datePublished":"2026-08-31T19:24:42+00:00","dateModified":"2026-08-31T19:24:47+00:00","breadcrumb":{"@id":"https:\/\/militares.estrategia.com\/portal\/eventos\/setembro-verde-e-amarelo-2026-conheca-as-vantagens-das-promocoes-do-estrategia-militares\/#breadcrumb"},"inLanguage":"pt-BR","potentialAction":[{"@type":"ReadAction","target":["https:\/\/militares.estrategia.com\/portal\/eventos\/setembro-verde-e-amarelo-2026-conheca-as-vantagens-das-promocoes-do-estrategia-militares\/"]}]},{"@type":"ImageObject","inLanguage":"pt-BR","@id":"https:\/\/militares.estrategia.com\/portal\/eventos\/setembro-verde-e-amarelo-2026-conheca-as-vantagens-das-promocoes-do-estrategia-militares\/#primaryimage","url":"https:\/\/militares.estrategia.com\/portal\/wp-content\/uploads\/2026\/08\/Setembro-Verde-e-Amarelo-2026.jpg","contentUrl":"https:\/\/militares.estrategia.com\/portal\/wp-content\/uploads\/2026\/08\/Setembro-Verde-e-Amarelo-2026.jpg","width":1303,"height":749},{"@type":"BreadcrumbList","@id":"https:\/\/militares.estrategia.com\/portal\/eventos\/setembro-verde-e-amarelo-2026-conheca-as-vantagens-das-promocoes-do-estrategia-militares\/#breadcrumb","itemListElement":[{"@type":"ListItem","position":1,"name":"Home","item":"https:\/\/militares.estrategia.com\/portal\/"},{"@type":"ListItem","position":2,"name":"Eventos","item":"https:\/\/militares.estrategia.com\/portal\/eventos\/"},{"@type":"ListItem","position":3,"name":"Setembro Verde e Amarelo 2026: conhe\u00e7a as vantagens das promo\u00e7\u00f5es do Estrat\u00e9gia Militares!"}]},{"@type":"WebSite","@id":"https:\/\/militares.estrategia.com\/portal\/#website","url":"https:\/\/militares.estrategia.com\/portal\/","name":"Estrat\u00e9gia Militares","description":"","publisher":{"@id":"https:\/\/militares.estrategia.com\/portal\/#organization"},"potentialAction":[{"@type":"SearchAction","target":{"@type":"EntryPoint","urlTemplate":"https:\/\/militares.estrategia.com\/portal\/?s={search_term_string}"},"query-input":{"@type":"PropertyValueSpecification","valueRequired":true,"valueName":"search_term_string"}}],"inLanguage":"pt-BR"},{"@type":"Organization","@id":"https:\/\/militares.estrategia.com\/portal\/#organization","name":"Estrat\u00e9gia Militares","url":"https:\/\/militares.estrategia.com\/portal\/","logo":{"@type":"ImageObject","inLanguage":"pt-BR","@id":"https:\/\/militares.estrategia.com\/portal\/#\/schema\/logo\/image\/","url":"https:\/\/militares.estrategia.com\/portal\/wp-content\/uploads\/2021\/10\/logo-militares.webp","contentUrl":"https:\/\/militares.estrategia.com\/portal\/wp-content\/uploads\/2021\/10\/logo-militares.webp","width":346,"height":90,"caption":"Estrat\u00e9gia Militares"},"image":{"@id":"https:\/\/militares.estrategia.com\/portal\/#\/schema\/logo\/image\/"},"sameAs":["https:\/\/www.facebook.com\/EstrategiaMilitares","https:\/\/x.com\/estrategiamilit","https:\/\/www.instagram.com\/estrategiamilitares\/","https:\/\/www.youtube.com\/channel\/UCRG_9hakCqXxnj_8TqCdgTA"]},{"@type":"Person","@id":"https:\/\/militares.estrategia.com\/portal\/#\/schema\/person\/5cfd387108cd0cdefab7eea7a9735dcc","name":"Vanesca Soares","image":{"@type":"ImageObject","inLanguage":"pt-BR","@id":"https:\/\/militares.estrategia.com\/portal\/#\/schema\/person\/image\/","url":"https:\/\/militares.estrategia.com\/portal\/wp-content\/uploads\/2021\/10\/FB_IMG_1634215702135-150x150.webp","contentUrl":"https:\/\/militares.estrategia.com\/portal\/wp-content\/uploads\/2021\/10\/FB_IMG_1634215702135-150x150.webp","caption":"Vanesca Soares"},"description":"Vanesca Soares foi Primeiro Tenente da Marinha do Brasil. Jornalista de forma\u00e7\u00e3o, ama todas as artes, principalmente a Literatura e o Cinema. Capaz de ficar em casa lendo um bom livro ao inv\u00e9s de ir para a balada, entende que ler \u00e9 uma grande viagem. Ama filmes hist\u00f3ricos, biografias, drama, thrillers, terror e tudo sobre os anos 1980. Principalmente a m\u00fasica!","url":"https:\/\/militares.estrategia.com\/portal\/author\/vanesca-soares\/"}]}},"_wl_alt_label":[],"wl:entity_url":"https:\/\/data.wordlift.io\/wl110246\/post\/setembro-verde-e-amarelo-2026-conheca-as-101319","_links":{"self":[{"href":"https:\/\/militares.estrategia.com\/portal\/wp-json\/wp\/v2\/posts\/101319","targetHints":{"allow":["GET"]}}],"collection":[{"href":"https:\/\/militares.estrategia.com\/portal\/wp-json\/wp\/v2\/posts"}],"about":[{"href":"https:\/\/militares.estrategia.com\/portal\/wp-json\/wp\/v2\/types\/post"}],"author":[{"embeddable":true,"href":"https:\/\/militares.estrategia.com\/portal\/wp-json\/wp\/v2\/users\/58"}],"replies":[{"embeddable":true,"href":"https:\/\/militares.estrategia.com\/portal\/wp-json\/wp\/v2\/comments?post=101319"}],"version-history":[{"count":2,"href":"https:\/\/militares.estrategia.com\/portal\/wp-json\/wp\/v2\/posts\/101319\/revisions"}],"predecessor-version":[{"id":101321,"href":"https:\/\/militares.estrategia.com\/portal\/wp-json\/wp\/v2\/posts\/101319\/revisions\/101321"}],"wp:featuredmedia":[{"embeddable":true,"href":"https:\/\/militares.estrategia.com\/portal\/wp-json\/wp\/v2\/media\/101318"}],"wp:attachment":[{"href":"https:\/\/militares.estrategia.com\/portal\/wp-json\/wp\/v2\/media?parent=101319"}],"wp:term":[{"taxonomy":"category","embeddable":true,"href":"https:\/\/militares.estrategia.com\/portal\/wp-json\/wp\/v2\/categories?post=101319"},{"taxonomy":"post_tag","embeddable":true,"href":"https:\/\/militares.estrategia.com\/portal\/wp-json\/wp\/v2\/tags?post=101319"},{"taxonomy":"wl_entity_type","embeddable":true,"href":"https:\/\/militares.estrategia.com\/portal\/wp-json\/wp\/v2\/wl_entity_type?post=101319"}],"curies":[{"name":"wp","href":"https:\/\/api.w.org\/{rel}","templated":true}]}}