{"id":100379,"date":"2026-07-24T15:00:00","date_gmt":"2026-07-24T18:00:00","guid":{"rendered":"https:\/\/militares.estrategia.com\/portal\/?p=100379"},"modified":"2026-07-24T11:58:14","modified_gmt":"2026-07-24T14:58:14","slug":"cms-e-ouro-na-olimpiada-matematica-sem-fronteiras-na-franca","status":"publish","type":"post","link":"https:\/\/militares.estrategia.com\/portal\/noticias\/cms-e-ouro-na-olimpiada-matematica-sem-fronteiras-na-franca\/","title":{"rendered":"Col\u00e9gio Militar de S\u00e3o Paulo \u00e9 ouro na Olimp\u00edada Matem\u00e1tica Sem Fronteiras na Fran\u00e7a"},"content":{"rendered":"\n<p class=\"wp-block-paragraph\">O Sistema Col\u00e9gio Militar do Brasil (SCMB) continua acumulando conquistas acad\u00eamicas de prest\u00edgio global. Desta vez, o <strong>Col\u00e9gio Militar de S\u00e3o Paulo (CMSP)<\/strong> alcan\u00e7ou um marco hist\u00f3rico ao conquistar a <strong>medalha de ouro internacional na Grande Finale da Olimp\u00edada Matem\u00e1tica Sem Fronteiras<\/strong>.<\/p>\n\n\n\n<p class=\"wp-block-paragraph\">A etapa final do torneio foi realizada entre os dias 1\u00ba e 10 de maio em Salon-de-Provence, na Fran\u00e7a. De acordo com as informa\u00e7\u00f5es divulgadas pelo <strong>Notici\u00e1rio do Ex\u00e9rcito<\/strong>, esta foi a primeira vez que o CMSP obteve a medalha de ouro na fase internacional dessa competi\u00e7\u00e3o. Saiba tudo sobre a grande conquista a seguir!<\/p>\n\n\n<div id=\"new-form\">\n\t<form id=\"forms_layout\">\n\t<input type=\"hidden\" id=\"chave_de\" name=\"chave_de\" value=\"01_EMIL_LEADS_TOTAIS\" \/>\n\t\t<input type=\"hidden\" id=\"mid\" name=\"mid\" value=\"515009017\" \/>\n\t\t<input type=\"hidden\" id=\"Objetivo\" name=\"Objetivo\" value=\"Militares\" \/>\n\t\t<input type=\"hidden\" id=\"Estado_de_Origem_do_IP\" name=\"Estado_de_Origem_do_IP\"  value=\"\" \/>\n\t\t<input type=\"hidden\" id=\"Cidade_de_Origem_do_IP\" name=\"Cidade_de_Origem_do_IP\" value=\"\" \/>\n\t\t<input type=\"hidden\" id=\"Modo_de_entrada\" name=\"Modo_de_entrada\" value=\"Portal\" \/>\n\t\t<input type=\"hidden\" id=\"Pagina_Origem\" name=\"Pagina_Origem\" value=\"\" \/>\n\n\t\t<div class=\"texto\">\n\t\t\t<h3 class=\"news\">Inscreva-se em nossa newsletter!<\/h3>\n\t\t\t<p>Receba not\u00edcias sobre os mais importantes concursos para as For\u00e7as Armadas brasileiras e informa\u00e7\u00f5es sobre o mundo militar!<\/p>\n\t\t<\/div>\n\t\t<div class=\"campos\">\n\t\t\t<div class=\"first_name labels\">\n\t\t\t\t<input type=\"text\" class=\"input_labels\" id=\"first_name\" name=\"Nome_Completo\" placeholder=\"Nome\" required \/>\n\t\t\t<\/div>\n\t\t\t<div class=\"email labels\">\n\t\t\t\t<input type=\"email\" class=\"input_labels\" id=\"email\" name=\"Email\" placeholder=\"E-mail\" required \/>\n\t\t\t<\/div>\n\t\t\t<button type=\"submit\" class=\"button_layout\">\n\t\t\t\t<div id=\"lblBotao\">Inscreva-se<\/div>\n\t\t\t\t<span id=\"divSpiner\" class=\"loader\" role=\"status\" style=\"display: none;\"><\/span>\t\n\t\t\t<\/button>\n\t\t<\/div><!-- \/campos -->\n\t\t\n\t\t<label class=\"container_checkbox\">Voc\u00ea concorda com a nossa\n\t\t\t<a class=\"politics_privacy_ahref\" target=\"_blank\" href=\"https:\/\/gratis.estrategiaconcursos.com.br\/politica-de-privacidade\/\">Pol\u00edtica de Privacidade<\/a> e aceita receber informa\u00e7\u00f5es adicionais do Estrat\u00e9gia Educacional.\n\t\t\t<input id=\"checkbox_layout\" type=\"checkbox\" checked=\"checked\" required \/>\n\t\t\t<span class=\"checkbox\"><\/span>\n\t\t<\/label>\n\t\t<div id=\"msg\"><\/div>\n\t\t<div id=\"error\" class=\"error\">\n\t\t<\/div>\n\t<\/form>\n<\/div><!-- \/new-form -->\n\n\n\n<div id=\"ez-toc-container\" class=\"ez-toc-v2_0_86 counter-hierarchy ez-toc-counter ez-toc-transparent ez-toc-container-direction\">\n<div class=\"ez-toc-title-container\"><p class=\"ez-toc-title\" style=\"cursor:inherit\">Navegue pelo conte\u00fado\t<\/p>\n<\/div><nav><ul class='ez-toc-list ez-toc-list-level-1 ' ><li class='ez-toc-page-1 ez-toc-heading-level-2'><a class=\"ez-toc-link ez-toc-heading-1\" href=\"https:\/\/militares.estrategia.com\/portal\/noticias\/cms-e-ouro-na-olimpiada-matematica-sem-fronteiras-na-franca\/#O-caminho-ate-o-topo-do-podio-internacional\" >O caminho at\u00e9 o topo do p\u00f3dio internacional<\/a><\/li><li class='ez-toc-page-1 ez-toc-heading-level-2'><a class=\"ez-toc-link ez-toc-heading-2\" href=\"https:\/\/militares.estrategia.com\/portal\/noticias\/cms-e-ouro-na-olimpiada-matematica-sem-fronteiras-na-franca\/#Foco-no-trabalho-em-equipe-e-raciocinio-logico\" >Foco no trabalho em equipe e racioc\u00ednio l\u00f3gico<\/a><\/li><li class='ez-toc-page-1 ez-toc-heading-level-2'><a class=\"ez-toc-link ez-toc-heading-3\" href=\"https:\/\/militares.estrategia.com\/portal\/noticias\/cms-e-ouro-na-olimpiada-matematica-sem-fronteiras-na-franca\/#Fontes\" >Fontes<\/a><\/li><\/ul><\/nav><\/div>\n<h2 class=\"wp-block-heading\" id=\"h-o-caminho-ate-o-topo-do-podio-internacional\"><span class=\"ez-toc-section\" id=\"O-caminho-ate-o-topo-do-podio-internacional\"><\/span>O caminho at\u00e9 o topo do p\u00f3dio internacional<span class=\"ez-toc-section-end\"><\/span><\/h2>\n\n\n\n<p class=\"wp-block-paragraph\">A equipe do CMSP que viajou para a Fran\u00e7a foi formada pelos alunos <strong>Gusm\u00e3o, Tiago, Laksmi e Di Blasi<\/strong>, acompanhados pela professora de Matem\u00e1tica, <strong>1\u00ba Tenente Chiarini<\/strong>.<\/p>\n\n\n\n<p class=\"wp-block-paragraph\">A qualifica\u00e7\u00e3o para a fase final na Europa veio ap\u00f3s a equipe conquistar a prestigiada <strong>classifica\u00e7\u00e3o Diamante na etapa nacional<\/strong>, realizada no ano anterior.<\/p>\n\n\n\n<p class=\"wp-block-paragraph\">Na <em>Grande Finale<\/em>, o evento reuniu delega\u00e7\u00f5es de diversos pa\u00edses. Apenas do Brasil, participaram 18 escolas, somando 22 equipes e 104 estudantes competidores. Entre tantos talentos nacionais e internacionais, os alunos do CMSP se destacaram pela precis\u00e3o, foco e excel\u00eancia t\u00e9cnica.<\/p>\n\n\n\n<figure class=\"wp-block-image size-large\"><img decoding=\"async\" width=\"1024\" height=\"684\" src=\"https:\/\/militares.estrategia.com\/portal\/wp-content\/uploads\/2026\/07\/IMG-20260716-WA0013aaaa-1024x684.jpg\" alt=\"\" class=\"wp-image-100385\" srcset=\"https:\/\/militares.estrategia.com\/portal\/wp-content\/uploads\/2026\/07\/IMG-20260716-WA0013aaaa-1024x684.jpg 1024w, https:\/\/militares.estrategia.com\/portal\/wp-content\/uploads\/2026\/07\/IMG-20260716-WA0013aaaa-768x513.jpg 768w, https:\/\/militares.estrategia.com\/portal\/wp-content\/uploads\/2026\/07\/IMG-20260716-WA0013aaaa-800x534.jpg 800w, https:\/\/militares.estrategia.com\/portal\/wp-content\/uploads\/2026\/07\/IMG-20260716-WA0013aaaa-1160x774.jpg 1160w, https:\/\/militares.estrategia.com\/portal\/wp-content\/uploads\/2026\/07\/IMG-20260716-WA0013aaaa.jpg 1200w\" sizes=\"(max-width: 1024px) 100vw, 1024px\" \/><\/figure>\n\n\n\n<h2 class=\"wp-block-heading\" id=\"h-foco-no-trabalho-em-equipe-e-raciocinio-logico\"><span class=\"ez-toc-section\" id=\"Foco-no-trabalho-em-equipe-e-raciocinio-logico\"><\/span>Foco no trabalho em equipe e racioc\u00ednio l\u00f3gico<span class=\"ez-toc-section-end\"><\/span><\/h2>\n\n\n\n<p class=\"wp-block-paragraph\">Diferente de olimp\u00edadas tradicionais focadas unicamente em testes individuais, a Olimp\u00edada Matem\u00e1tica Sem Fronteiras destaca-se por exigir forte coopera\u00e7\u00e3o e resolu\u00e7\u00e3o conjunta de problemas. A din\u00e2mica exige a forma\u00e7\u00e3o de grupos de quatro estudantes que precisam aplicar o racioc\u00ednio l\u00f3gico sob press\u00e3o.<\/p>\n\n\n\n<p class=\"wp-block-paragraph\">A vit\u00f3ria do CMSP refor\u00e7a o compromisso do ensino militar n\u00e3o apenas com o rigor acad\u00eamico, mas com o desenvolvimento da lideran\u00e7a, disciplina e esp\u00edrito de corpo entre os jovens.<\/p>\n\n\n\n<figure class=\"wp-block-image size-large\"><img decoding=\"async\" width=\"1024\" height=\"768\" src=\"https:\/\/militares.estrategia.com\/portal\/wp-content\/uploads\/2026\/07\/IMG-20260716-WA0016-1024x768.jpg\" alt=\"\" class=\"wp-image-100387\" srcset=\"https:\/\/militares.estrategia.com\/portal\/wp-content\/uploads\/2026\/07\/IMG-20260716-WA0016-1024x768.jpg 1024w, https:\/\/militares.estrategia.com\/portal\/wp-content\/uploads\/2026\/07\/IMG-20260716-WA0016-768x576.jpg 768w, https:\/\/militares.estrategia.com\/portal\/wp-content\/uploads\/2026\/07\/IMG-20260716-WA0016-1536x1152.jpg 1536w, https:\/\/militares.estrategia.com\/portal\/wp-content\/uploads\/2026\/07\/IMG-20260716-WA0016-800x600.jpg 800w, https:\/\/militares.estrategia.com\/portal\/wp-content\/uploads\/2026\/07\/IMG-20260716-WA0016-1160x870.jpg 1160w, https:\/\/militares.estrategia.com\/portal\/wp-content\/uploads\/2026\/07\/IMG-20260716-WA0016-1200x900.jpg 1200w, https:\/\/militares.estrategia.com\/portal\/wp-content\/uploads\/2026\/07\/IMG-20260716-WA0016.jpg 1920w\" sizes=\"(max-width: 1024px) 100vw, 1024px\" \/><\/figure>\n\n\n\n<h3 class=\"wp-block-heading\" id=\"h-quer-ver-seu-filho-no-topo-do-podio-em-um-colegio-militar\"><strong>Quer ver seu filho no topo do p\u00f3dio em um Col\u00e9gio Militar?<\/strong><\/h3>\n\n\n\n<p class=\"wp-block-paragraph\">O ingresso no <strong>Sistema Col\u00e9gio Militar do Brasil<\/strong> representa o primeiro passo para uma forma\u00e7\u00e3o acad\u00eamica de n\u00edvel internacional, abrindo portas para olimp\u00edadas cient\u00edficas, carreiras promissoras e um futuro brilhante.<\/p>\n\n\n\n<p class=\"wp-block-paragraph\">No entanto, as provas de admiss\u00e3o para os Col\u00e9gios Militares s\u00e3o altamente concorridas e exigem prepara\u00e7\u00e3o pr\u00e9via e direcionada.<\/p>\n\n\n\n<p class=\"wp-block-paragraph\">Para garantir a vaga do seu filho, o <strong>Estrat\u00e9gia Militares<\/strong> oferece o curso preparat\u00f3rio mais completo do mercado, com material did\u00e1tico atualizado, videoaulas aprofundadas e o <strong>maior Banco de Quest\u00f5es da Am\u00e9rica Latina<\/strong>!<\/p>\n\n\n\n<ul class=\"wp-block-list\">\n<li>Acesso a milhares de quest\u00f5es resolvidas e comentadas passo a passo;<\/li>\n\n\n\n<li>Simulados in\u00e9ditos com o padr\u00e3o da banca do Concurso do Col\u00e9gio Militar;<\/li>\n\n\n\n<li>Professores especialistas na prepara\u00e7\u00e3o para o ensino fundamental e m\u00e9dio.<\/li>\n<\/ul>\n\n\n\n<p class=\"wp-block-paragraph\">\ud83d\udc49 <strong>[Clique no banner para conhecer os cursos do Estrat\u00e9gia Militares para o Col\u00e9gio Militar e garanta a melhor prepara\u00e7\u00e3o para o seu filho!]<\/strong><\/p>\n\n\n\n<p class=\"wp-block-paragraph\"><div class=\"cta-medio\" style=\"background-image: url(https:\/\/militares.estrategia.com\/portal\/wp-content\/uploads\/2025\/07\/CTA-EXERCITO.jpg);\"><h3>Ingresse no 6\u00ba ano do E. Fundamental<\/h3> <p>Prepare seu filho para os Col\u00e9gios Militares!<\/p><div class=\"cta-botao\"><a id=\"cta-medio\" href=\"https:\/\/militares.estrategia.com\/concursos\/cursos\/colegio-militar-6-ano?utm_source=portal&utm_medium=post&utm_campaign=emil-x-vd-seo-portal-v\" target=\"_blank\" style=\"background:#17494e\">Saiba mais<\/a><\/div><\/div>\n\n\n\n<h2 class=\"wp-block-heading\" id=\"h-fontes\"><span class=\"ez-toc-section\" id=\"Fontes\"><\/span>Fontes<span class=\"ez-toc-section-end\"><\/span><\/h2>\n\n\n\n<p class=\"wp-block-paragraph\">Ex\u00e9rcito Brasileiro<\/p>\n\n\n\n<p class=\"wp-block-paragraph\">Notici\u00e1rio do Ex\u00e9rcito<\/p>\n\n\n\n<p class=\"wp-block-paragraph\">Col\u00e9gio Militar de S\u00e3o Paulo<\/p>\n","protected":false},"excerpt":{"rendered":"A equipe composta por quatro alunos e uma professora conquistou o lugar mais alto do p\u00f3dio em Salon-de-Provence, alcan\u00e7ando um feito in\u00e9dito para o CMSP.\n","protected":false},"author":11,"featured_media":100383,"comment_status":"closed","ping_status":"closed","sticky":false,"template":"","format":"standard","meta":{"footnotes":""},"categories":[36],"tags":[330,162,200,161,167],"class_list":["post-100379","post","type-post","status-publish","format-standard","has-post-thumbnail","category-noticias","tag-330","tag-carreiramilitar","tag-colegio-militar","tag-concursosmilitares","tag-exercito"],"acf":[],"yoast_head":"<!-- This site is optimized with the Yoast SEO Premium plugin v26.6 (Yoast SEO v26.6) - https:\/\/yoast.com\/wordpress\/plugins\/seo\/ -->\n<title>Estrat\u00e9gia Militares<\/title>\n<meta name=\"description\" content=\"O Col\u00e9gio Militar de S\u00e3o Paulo (CMSP) conquistou uma medalha de ouro in\u00e9dita na Olimp\u00edada Matem\u00e1tica Sem Fronteiras, na Fran\u00e7a. Confira os detalhes!\" \/>\n<meta name=\"robots\" content=\"index, follow, max-snippet:-1, max-image-preview:large, max-video-preview:-1\" \/>\n<link rel=\"canonical\" href=\"https:\/\/militares.estrategia.com\/portal\/noticias\/cms-e-ouro-na-olimpiada-matematica-sem-fronteiras-na-franca\/\" \/>\n<meta property=\"og:locale\" content=\"pt_BR\" \/>\n<meta property=\"og:type\" content=\"article\" \/>\n<meta property=\"og:title\" content=\"Col\u00e9gio Militar de S\u00e3o Paulo \u00e9 ouro na Olimp\u00edada Matem\u00e1tica Sem Fronteiras na Fran\u00e7a\" \/>\n<meta property=\"og:description\" content=\"O Col\u00e9gio Militar de S\u00e3o Paulo (CMSP) conquistou uma medalha de ouro in\u00e9dita na Olimp\u00edada Matem\u00e1tica Sem Fronteiras, na Fran\u00e7a. Confira os detalhes!\" \/>\n<meta property=\"og:url\" content=\"https:\/\/militares.estrategia.com\/portal\/noticias\/cms-e-ouro-na-olimpiada-matematica-sem-fronteiras-na-franca\/\" \/>\n<meta property=\"og:site_name\" content=\"Estrat\u00e9gia Militares\" \/>\n<meta property=\"article:publisher\" content=\"https:\/\/www.facebook.com\/EstrategiaMilitares\" \/>\n<meta property=\"article:published_time\" content=\"2026-07-24T18:00:00+00:00\" \/>\n<meta property=\"og:image\" content=\"https:\/\/militares.estrategia.com\/portal\/wp-content\/uploads\/2026\/07\/rev-capa.jpeg\" \/>\n\t<meta property=\"og:image:width\" content=\"1920\" \/>\n\t<meta property=\"og:image:height\" content=\"1749\" \/>\n\t<meta property=\"og:image:type\" content=\"image\/jpeg\" \/>\n<meta name=\"author\" content=\"Estrat\u00e9gia Militares\" \/>\n<meta name=\"twitter:card\" content=\"summary_large_image\" \/>\n<meta name=\"twitter:creator\" content=\"@estrategiamilit\" \/>\n<meta name=\"twitter:site\" content=\"@estrategiamilit\" \/>\n<meta name=\"twitter:label1\" content=\"Escrito por\" \/>\n\t<meta name=\"twitter:data1\" content=\"Estrat\u00e9gia Militares\" \/>\n\t<meta name=\"twitter:label2\" content=\"Est. tempo de leitura\" \/>\n\t<meta name=\"twitter:data2\" content=\"3 minutos\" \/>\n<script type=\"application\/ld+json\" class=\"yoast-schema-graph\">{\"@context\":\"https:\/\/schema.org\",\"@graph\":[{\"@type\":\"NewsArticle\",\"@id\":\"https:\/\/militares.estrategia.com\/portal\/noticias\/cms-e-ouro-na-olimpiada-matematica-sem-fronteiras-na-franca\/#article\",\"isPartOf\":{\"@id\":\"https:\/\/militares.estrategia.com\/portal\/noticias\/cms-e-ouro-na-olimpiada-matematica-sem-fronteiras-na-franca\/\"},\"author\":{\"name\":\"Estrat\u00e9gia Militares\",\"@id\":\"https:\/\/militares.estrategia.com\/portal\/#\/schema\/person\/896181038f5542906e5db6f7db222d7c\"},\"headline\":\"Col\u00e9gio Militar de S\u00e3o Paulo \u00e9 ouro na Olimp\u00edada Matem\u00e1tica Sem Fronteiras na Fran\u00e7a\",\"datePublished\":\"2026-07-24T18:00:00+00:00\",\"mainEntityOfPage\":{\"@id\":\"https:\/\/militares.estrategia.com\/portal\/noticias\/cms-e-ouro-na-olimpiada-matematica-sem-fronteiras-na-franca\/\"},\"wordCount\":530,\"publisher\":{\"@id\":\"https:\/\/militares.estrategia.com\/portal\/#organization\"},\"image\":{\"@id\":\"https:\/\/militares.estrategia.com\/portal\/noticias\/cms-e-ouro-na-olimpiada-matematica-sem-fronteiras-na-franca\/#primaryimage\"},\"thumbnailUrl\":\"https:\/\/militares.estrategia.com\/portal\/wp-content\/uploads\/2026\/07\/rev-capa.jpeg\",\"keywords\":[\"2026\",\"carreiramilitar\",\"col\u00e9gio militar\",\"ConcursosMilitares\",\"Ex\u00e9rcito\"],\"articleSection\":[\"Not\u00edcias\"],\"inLanguage\":\"pt-BR\"},{\"@type\":\"WebPage\",\"@id\":\"https:\/\/militares.estrategia.com\/portal\/noticias\/cms-e-ouro-na-olimpiada-matematica-sem-fronteiras-na-franca\/\",\"url\":\"https:\/\/militares.estrategia.com\/portal\/noticias\/cms-e-ouro-na-olimpiada-matematica-sem-fronteiras-na-franca\/\",\"name\":\"Estrat\u00e9gia Militares\",\"isPartOf\":{\"@id\":\"https:\/\/militares.estrategia.com\/portal\/#website\"},\"primaryImageOfPage\":{\"@id\":\"https:\/\/militares.estrategia.com\/portal\/noticias\/cms-e-ouro-na-olimpiada-matematica-sem-fronteiras-na-franca\/#primaryimage\"},\"image\":{\"@id\":\"https:\/\/militares.estrategia.com\/portal\/noticias\/cms-e-ouro-na-olimpiada-matematica-sem-fronteiras-na-franca\/#primaryimage\"},\"thumbnailUrl\":\"https:\/\/militares.estrategia.com\/portal\/wp-content\/uploads\/2026\/07\/rev-capa.jpeg\",\"datePublished\":\"2026-07-24T18:00:00+00:00\",\"description\":\"O Col\u00e9gio Militar de S\u00e3o Paulo (CMSP) conquistou uma medalha de ouro in\u00e9dita na Olimp\u00edada Matem\u00e1tica Sem Fronteiras, na Fran\u00e7a. Confira os detalhes!\",\"breadcrumb\":{\"@id\":\"https:\/\/militares.estrategia.com\/portal\/noticias\/cms-e-ouro-na-olimpiada-matematica-sem-fronteiras-na-franca\/#breadcrumb\"},\"inLanguage\":\"pt-BR\",\"potentialAction\":[{\"@type\":\"ReadAction\",\"target\":[\"https:\/\/militares.estrategia.com\/portal\/noticias\/cms-e-ouro-na-olimpiada-matematica-sem-fronteiras-na-franca\/\"]}]},{\"@type\":\"ImageObject\",\"inLanguage\":\"pt-BR\",\"@id\":\"https:\/\/militares.estrategia.com\/portal\/noticias\/cms-e-ouro-na-olimpiada-matematica-sem-fronteiras-na-franca\/#primaryimage\",\"url\":\"https:\/\/militares.estrategia.com\/portal\/wp-content\/uploads\/2026\/07\/rev-capa.jpeg\",\"contentUrl\":\"https:\/\/militares.estrategia.com\/portal\/wp-content\/uploads\/2026\/07\/rev-capa.jpeg\",\"width\":1920,\"height\":1749},{\"@type\":\"BreadcrumbList\",\"@id\":\"https:\/\/militares.estrategia.com\/portal\/noticias\/cms-e-ouro-na-olimpiada-matematica-sem-fronteiras-na-franca\/#breadcrumb\",\"itemListElement\":[{\"@type\":\"ListItem\",\"position\":1,\"name\":\"Home\",\"item\":\"https:\/\/militares.estrategia.com\/portal\/\"},{\"@type\":\"ListItem\",\"position\":2,\"name\":\"Not\u00edcias\",\"item\":\"https:\/\/militares.estrategia.com\/portal\/noticias\/\"},{\"@type\":\"ListItem\",\"position\":3,\"name\":\"Col\u00e9gio Militar de S\u00e3o Paulo \u00e9 ouro na Olimp\u00edada Matem\u00e1tica Sem Fronteiras na Fran\u00e7a\"}]},{\"@type\":\"WebSite\",\"@id\":\"https:\/\/militares.estrategia.com\/portal\/#website\",\"url\":\"https:\/\/militares.estrategia.com\/portal\/\",\"name\":\"Estrat\u00e9gia Militares\",\"description\":\"\",\"publisher\":{\"@id\":\"https:\/\/militares.estrategia.com\/portal\/#organization\"},\"potentialAction\":[{\"@type\":\"SearchAction\",\"target\":{\"@type\":\"EntryPoint\",\"urlTemplate\":\"https:\/\/militares.estrategia.com\/portal\/?s={search_term_string}\"},\"query-input\":{\"@type\":\"PropertyValueSpecification\",\"valueRequired\":true,\"valueName\":\"search_term_string\"}}],\"inLanguage\":\"pt-BR\"},{\"@type\":\"Organization\",\"@id\":\"https:\/\/militares.estrategia.com\/portal\/#organization\",\"name\":\"Estrat\u00e9gia Militares\",\"url\":\"https:\/\/militares.estrategia.com\/portal\/\",\"logo\":{\"@type\":\"ImageObject\",\"inLanguage\":\"pt-BR\",\"@id\":\"https:\/\/militares.estrategia.com\/portal\/#\/schema\/logo\/image\/\",\"url\":\"https:\/\/militares.estrategia.com\/portal\/wp-content\/uploads\/2021\/10\/logo-militares.webp\",\"contentUrl\":\"https:\/\/militares.estrategia.com\/portal\/wp-content\/uploads\/2021\/10\/logo-militares.webp\",\"width\":346,\"height\":90,\"caption\":\"Estrat\u00e9gia Militares\"},\"image\":{\"@id\":\"https:\/\/militares.estrategia.com\/portal\/#\/schema\/logo\/image\/\"},\"sameAs\":[\"https:\/\/www.facebook.com\/EstrategiaMilitares\",\"https:\/\/x.com\/estrategiamilit\",\"https:\/\/www.instagram.com\/estrategiamilitares\/\",\"https:\/\/www.youtube.com\/channel\/UCRG_9hakCqXxnj_8TqCdgTA\"]},{\"@type\":\"Person\",\"@id\":\"https:\/\/militares.estrategia.com\/portal\/#\/schema\/person\/896181038f5542906e5db6f7db222d7c\",\"name\":\"Estrat\u00e9gia Militares\",\"image\":{\"@type\":\"ImageObject\",\"inLanguage\":\"pt-BR\",\"@id\":\"https:\/\/militares.estrategia.com\/portal\/#\/schema\/person\/image\/\",\"url\":\"https:\/\/militares.estrategia.com\/portal\/wp-content\/uploads\/2021\/10\/favicon-militares-150x150.webp\",\"contentUrl\":\"https:\/\/militares.estrategia.com\/portal\/wp-content\/uploads\/2021\/10\/favicon-militares-150x150.webp\",\"caption\":\"Estrat\u00e9gia Militares\"},\"url\":\"https:\/\/militares.estrategia.com\/portal\/author\/estrategia-militares\/\"}]}<\/script>\n<!-- \/ Yoast SEO Premium plugin. -->","yoast_head_json":{"title":"Estrat\u00e9gia Militares","description":"O Col\u00e9gio Militar de S\u00e3o Paulo (CMSP) conquistou uma medalha de ouro in\u00e9dita na Olimp\u00edada Matem\u00e1tica Sem Fronteiras, na Fran\u00e7a. Confira os detalhes!","robots":{"index":"index","follow":"follow","max-snippet":"max-snippet:-1","max-image-preview":"max-image-preview:large","max-video-preview":"max-video-preview:-1"},"canonical":"https:\/\/militares.estrategia.com\/portal\/noticias\/cms-e-ouro-na-olimpiada-matematica-sem-fronteiras-na-franca\/","og_locale":"pt_BR","og_type":"article","og_title":"Col\u00e9gio Militar de S\u00e3o Paulo \u00e9 ouro na Olimp\u00edada Matem\u00e1tica Sem Fronteiras na Fran\u00e7a","og_description":"O Col\u00e9gio Militar de S\u00e3o Paulo (CMSP) conquistou uma medalha de ouro in\u00e9dita na Olimp\u00edada Matem\u00e1tica Sem Fronteiras, na Fran\u00e7a. Confira os detalhes!","og_url":"https:\/\/militares.estrategia.com\/portal\/noticias\/cms-e-ouro-na-olimpiada-matematica-sem-fronteiras-na-franca\/","og_site_name":"Estrat\u00e9gia Militares","article_publisher":"https:\/\/www.facebook.com\/EstrategiaMilitares","article_published_time":"2026-07-24T18:00:00+00:00","og_image":[{"width":1920,"height":1749,"url":"https:\/\/militares.estrategia.com\/portal\/wp-content\/uploads\/2026\/07\/rev-capa.jpeg","type":"image\/jpeg"}],"author":"Estrat\u00e9gia Militares","twitter_card":"summary_large_image","twitter_creator":"@estrategiamilit","twitter_site":"@estrategiamilit","twitter_misc":{"Escrito por":"Estrat\u00e9gia Militares","Est. tempo de leitura":"3 minutos"},"schema":{"@context":"https:\/\/schema.org","@graph":[{"@type":"NewsArticle","@id":"https:\/\/militares.estrategia.com\/portal\/noticias\/cms-e-ouro-na-olimpiada-matematica-sem-fronteiras-na-franca\/#article","isPartOf":{"@id":"https:\/\/militares.estrategia.com\/portal\/noticias\/cms-e-ouro-na-olimpiada-matematica-sem-fronteiras-na-franca\/"},"author":{"name":"Estrat\u00e9gia Militares","@id":"https:\/\/militares.estrategia.com\/portal\/#\/schema\/person\/896181038f5542906e5db6f7db222d7c"},"headline":"Col\u00e9gio Militar de S\u00e3o Paulo \u00e9 ouro na Olimp\u00edada Matem\u00e1tica Sem Fronteiras na Fran\u00e7a","datePublished":"2026-07-24T18:00:00+00:00","mainEntityOfPage":{"@id":"https:\/\/militares.estrategia.com\/portal\/noticias\/cms-e-ouro-na-olimpiada-matematica-sem-fronteiras-na-franca\/"},"wordCount":530,"publisher":{"@id":"https:\/\/militares.estrategia.com\/portal\/#organization"},"image":{"@id":"https:\/\/militares.estrategia.com\/portal\/noticias\/cms-e-ouro-na-olimpiada-matematica-sem-fronteiras-na-franca\/#primaryimage"},"thumbnailUrl":"https:\/\/militares.estrategia.com\/portal\/wp-content\/uploads\/2026\/07\/rev-capa.jpeg","keywords":["2026","carreiramilitar","col\u00e9gio militar","ConcursosMilitares","Ex\u00e9rcito"],"articleSection":["Not\u00edcias"],"inLanguage":"pt-BR"},{"@type":"WebPage","@id":"https:\/\/militares.estrategia.com\/portal\/noticias\/cms-e-ouro-na-olimpiada-matematica-sem-fronteiras-na-franca\/","url":"https:\/\/militares.estrategia.com\/portal\/noticias\/cms-e-ouro-na-olimpiada-matematica-sem-fronteiras-na-franca\/","name":"Estrat\u00e9gia Militares","isPartOf":{"@id":"https:\/\/militares.estrategia.com\/portal\/#website"},"primaryImageOfPage":{"@id":"https:\/\/militares.estrategia.com\/portal\/noticias\/cms-e-ouro-na-olimpiada-matematica-sem-fronteiras-na-franca\/#primaryimage"},"image":{"@id":"https:\/\/militares.estrategia.com\/portal\/noticias\/cms-e-ouro-na-olimpiada-matematica-sem-fronteiras-na-franca\/#primaryimage"},"thumbnailUrl":"https:\/\/militares.estrategia.com\/portal\/wp-content\/uploads\/2026\/07\/rev-capa.jpeg","datePublished":"2026-07-24T18:00:00+00:00","description":"O Col\u00e9gio Militar de S\u00e3o Paulo (CMSP) conquistou uma medalha de ouro in\u00e9dita na Olimp\u00edada Matem\u00e1tica Sem Fronteiras, na Fran\u00e7a. Confira os detalhes!","breadcrumb":{"@id":"https:\/\/militares.estrategia.com\/portal\/noticias\/cms-e-ouro-na-olimpiada-matematica-sem-fronteiras-na-franca\/#breadcrumb"},"inLanguage":"pt-BR","potentialAction":[{"@type":"ReadAction","target":["https:\/\/militares.estrategia.com\/portal\/noticias\/cms-e-ouro-na-olimpiada-matematica-sem-fronteiras-na-franca\/"]}]},{"@type":"ImageObject","inLanguage":"pt-BR","@id":"https:\/\/militares.estrategia.com\/portal\/noticias\/cms-e-ouro-na-olimpiada-matematica-sem-fronteiras-na-franca\/#primaryimage","url":"https:\/\/militares.estrategia.com\/portal\/wp-content\/uploads\/2026\/07\/rev-capa.jpeg","contentUrl":"https:\/\/militares.estrategia.com\/portal\/wp-content\/uploads\/2026\/07\/rev-capa.jpeg","width":1920,"height":1749},{"@type":"BreadcrumbList","@id":"https:\/\/militares.estrategia.com\/portal\/noticias\/cms-e-ouro-na-olimpiada-matematica-sem-fronteiras-na-franca\/#breadcrumb","itemListElement":[{"@type":"ListItem","position":1,"name":"Home","item":"https:\/\/militares.estrategia.com\/portal\/"},{"@type":"ListItem","position":2,"name":"Not\u00edcias","item":"https:\/\/militares.estrategia.com\/portal\/noticias\/"},{"@type":"ListItem","position":3,"name":"Col\u00e9gio Militar de S\u00e3o Paulo \u00e9 ouro na Olimp\u00edada Matem\u00e1tica Sem Fronteiras na Fran\u00e7a"}]},{"@type":"WebSite","@id":"https:\/\/militares.estrategia.com\/portal\/#website","url":"https:\/\/militares.estrategia.com\/portal\/","name":"Estrat\u00e9gia Militares","description":"","publisher":{"@id":"https:\/\/militares.estrategia.com\/portal\/#organization"},"potentialAction":[{"@type":"SearchAction","target":{"@type":"EntryPoint","urlTemplate":"https:\/\/militares.estrategia.com\/portal\/?s={search_term_string}"},"query-input":{"@type":"PropertyValueSpecification","valueRequired":true,"valueName":"search_term_string"}}],"inLanguage":"pt-BR"},{"@type":"Organization","@id":"https:\/\/militares.estrategia.com\/portal\/#organization","name":"Estrat\u00e9gia Militares","url":"https:\/\/militares.estrategia.com\/portal\/","logo":{"@type":"ImageObject","inLanguage":"pt-BR","@id":"https:\/\/militares.estrategia.com\/portal\/#\/schema\/logo\/image\/","url":"https:\/\/militares.estrategia.com\/portal\/wp-content\/uploads\/2021\/10\/logo-militares.webp","contentUrl":"https:\/\/militares.estrategia.com\/portal\/wp-content\/uploads\/2021\/10\/logo-militares.webp","width":346,"height":90,"caption":"Estrat\u00e9gia Militares"},"image":{"@id":"https:\/\/militares.estrategia.com\/portal\/#\/schema\/logo\/image\/"},"sameAs":["https:\/\/www.facebook.com\/EstrategiaMilitares","https:\/\/x.com\/estrategiamilit","https:\/\/www.instagram.com\/estrategiamilitares\/","https:\/\/www.youtube.com\/channel\/UCRG_9hakCqXxnj_8TqCdgTA"]},{"@type":"Person","@id":"https:\/\/militares.estrategia.com\/portal\/#\/schema\/person\/896181038f5542906e5db6f7db222d7c","name":"Estrat\u00e9gia Militares","image":{"@type":"ImageObject","inLanguage":"pt-BR","@id":"https:\/\/militares.estrategia.com\/portal\/#\/schema\/person\/image\/","url":"https:\/\/militares.estrategia.com\/portal\/wp-content\/uploads\/2021\/10\/favicon-militares-150x150.webp","contentUrl":"https:\/\/militares.estrategia.com\/portal\/wp-content\/uploads\/2021\/10\/favicon-militares-150x150.webp","caption":"Estrat\u00e9gia Militares"},"url":"https:\/\/militares.estrategia.com\/portal\/author\/estrategia-militares\/"}]}},"_links":{"self":[{"href":"https:\/\/militares.estrategia.com\/portal\/wp-json\/wp\/v2\/posts\/100379","targetHints":{"allow":["GET"]}}],"collection":[{"href":"https:\/\/militares.estrategia.com\/portal\/wp-json\/wp\/v2\/posts"}],"about":[{"href":"https:\/\/militares.estrategia.com\/portal\/wp-json\/wp\/v2\/types\/post"}],"author":[{"embeddable":true,"href":"https:\/\/militares.estrategia.com\/portal\/wp-json\/wp\/v2\/users\/11"}],"replies":[{"embeddable":true,"href":"https:\/\/militares.estrategia.com\/portal\/wp-json\/wp\/v2\/comments?post=100379"}],"version-history":[{"count":5,"href":"https:\/\/militares.estrategia.com\/portal\/wp-json\/wp\/v2\/posts\/100379\/revisions"}],"predecessor-version":[{"id":100389,"href":"https:\/\/militares.estrategia.com\/portal\/wp-json\/wp\/v2\/posts\/100379\/revisions\/100389"}],"wp:featuredmedia":[{"embeddable":true,"href":"https:\/\/militares.estrategia.com\/portal\/wp-json\/wp\/v2\/media\/100383"}],"wp:attachment":[{"href":"https:\/\/militares.estrategia.com\/portal\/wp-json\/wp\/v2\/media?parent=100379"}],"wp:term":[{"taxonomy":"category","embeddable":true,"href":"https:\/\/militares.estrategia.com\/portal\/wp-json\/wp\/v2\/categories?post=100379"},{"taxonomy":"post_tag","embeddable":true,"href":"https:\/\/militares.estrategia.com\/portal\/wp-json\/wp\/v2\/tags?post=100379"}],"curies":[{"name":"wp","href":"https:\/\/api.w.org\/{rel}","templated":true}]}}